{"id":22079,"date":"2018-11-16T04:38:22","date_gmt":"2018-11-16T10:38:22","guid":{"rendered":"https:\/\/elreporterohgo.com\/noticias\/?p=22079"},"modified":"2018-11-16T04:38:22","modified_gmt":"2018-11-16T10:38:22","slug":"ieeh-presenta-caso-de-candidaturas-indigenas","status":"publish","type":"post","link":"https:\/\/elreporterohgo.com\/noticias\/2018\/11\/16\/ieeh-presenta-caso-de-candidaturas-indigenas\/","title":{"rendered":"IEEH PRESENTA CASO DE CANDIDATURAS IND\u00cdGENAS"},"content":{"rendered":"<p><a href=\"https::\/\/elreporterohgo.com\/noticias\/wp-content\/uploads\/2018\/11\/PHOTO-2018-11-15-13-22-52-2.jpg\"><img decoding=\"async\" class=\"alignnone size-medium wp-image-22080\" src=\"https::\/\/elreporterohgo.com\/noticias\/wp-content\/uploads\/2018\/11\/PHOTO-2018-11-15-13-22-52-2-300x140.jpg\" alt=\"\" width=\"300\" height=\"140\" srcset=\"https:\/\/elreporterohgo.com\/noticias\/wp-content\/uploads\/2018\/11\/PHOTO-2018-11-15-13-22-52-2-300x140.jpg 300w, https:\/\/elreporterohgo.com\/noticias\/wp-content\/uploads\/2018\/11\/PHOTO-2018-11-15-13-22-52-2-768x358.jpg 768w, https:\/\/elreporterohgo.com\/noticias\/wp-content\/uploads\/2018\/11\/PHOTO-2018-11-15-13-22-52-2-520x245.jpg 520w, https:\/\/elreporterohgo.com\/noticias\/wp-content\/uploads\/2018\/11\/PHOTO-2018-11-15-13-22-52-2.jpg 811w\" sizes=\"(max-width: 300px) 100vw, 300px\" \/><\/a><a href=\"https::\/\/elreporterohgo.com\/noticias\/wp-content\/uploads\/2018\/11\/PHOTO-2018-11-15-13-22-50-3.jpg\"><img decoding=\"async\" class=\"alignnone size-medium wp-image-22081\" src=\"https::\/\/elreporterohgo.com\/noticias\/wp-content\/uploads\/2018\/11\/PHOTO-2018-11-15-13-22-50-3-300x142.jpg\" alt=\"\" width=\"300\" height=\"142\" srcset=\"https:\/\/elreporterohgo.com\/noticias\/wp-content\/uploads\/2018\/11\/PHOTO-2018-11-15-13-22-50-3-300x142.jpg 300w, https:\/\/elreporterohgo.com\/noticias\/wp-content\/uploads\/2018\/11\/PHOTO-2018-11-15-13-22-50-3-768x364.jpg 768w, https:\/\/elreporterohgo.com\/noticias\/wp-content\/uploads\/2018\/11\/PHOTO-2018-11-15-13-22-50-3-520x245.jpg 520w, https:\/\/elreporterohgo.com\/noticias\/wp-content\/uploads\/2018\/11\/PHOTO-2018-11-15-13-22-50-3-720x340.jpg 720w, https:\/\/elreporterohgo.com\/noticias\/wp-content\/uploads\/2018\/11\/PHOTO-2018-11-15-13-22-50-3.jpg 958w\" sizes=\"(max-width: 300px) 100vw, 300px\" \/><\/a><\/p>\n<p><strong> PRIMER PRECEDENTE NACIONAL EN LA MATERIA<\/strong><\/p>\n<p><strong>\u00a0Pachuca, Hgo. &#8211;\u00a0<\/strong>El Instituto Estatal Electoral de Hidalgo (IEEH) form\u00f3 parte del Conversatorio \u00abAcci\u00f3n afirmativa y representaci\u00f3n pol\u00edtica ind\u00edgena. Experiencias y buenas pr\u00e1cticas del proceso electoral de 2018\u00bb realizado en El Colegio de M\u00e9xico (Colmex) el pasado 14 de noviembre.<\/p>\n<p>La Organizaci\u00f3n Democracia, Derechos Humanos y Seguridad A.C. y El Colegio de M\u00e9xico, con la colaboraci\u00f3n del Fondo de Apoyo a la Observaci\u00f3n Electoral del Instituto Nacional Electoral, de la Defensor\u00eda P\u00fablica Electoral para Pueblos y Comunidades Ind\u00edgenas, del Tribunal Electoral del Poder Judicial de la Federaci\u00f3n (TEPJF), y de la C\u00e1tedra en Derechos Humanos Rodolfo Stavenhagen, convocaron a representantes de la Sociedad Civil, acad\u00e9micos, funcionarios p\u00fablicos y expertos electorales, a dicho conversatorio para analizar experiencias subnacionales del pasado proceso electoral.<\/p>\n<p>El Conversatorio se desarroll\u00f3 con el desahogo de temas a trav\u00e9s de paneles; el primero, denominado \u201cLas experiencias en los Distritos Ind\u00edgenas de Hidalgo\u201d cont\u00f3 con la participaci\u00f3n de Germ\u00e1n V\u00e1zquez Sandr\u00edn, investigador de la Universidad Aut\u00f3noma del Estado de Hidalgo (UAEH); Augusto Hern\u00e1ndez Abogado, Consejero Electoral y Presidente de la Comisi\u00f3n Especial de Derechos Pol\u00edticos Electorales de los Pueblos y Comunidades Ind\u00edgenas del IEEH; Eginardo Hern\u00e1ndez Andr\u00e9s, Defensor P\u00fablico Electoral para Pueblos y Comunidades Ind\u00edgenas del Tribunal Electoral del Poder Judicial de la Federaci\u00f3n (TEPJF); Mar\u00eda Magdalena Gonz\u00e1lez Escalona, Vocal de capacitaci\u00f3n de la Junta Local Ejecutiva del INE en Hidalgo; Pedro del \u00c1ngel Badillo, Vocal de Capacitaci\u00f3n Electoral y Educaci\u00f3n C\u00edvica de la Junta Distrital 01 Huejutla de Reyes del INE Hidalgo; y Vicente Hern\u00e1ndez Morales, Vocal de Capacitaci\u00f3n Electoral y Educaci\u00f3n C\u00edvica de la Junta Distrital 02 Ixmiquilpan del INE Hidalgo; y como moderador fungi\u00f3 Agust\u00edn \u00c1vila M\u00e9ndez.<\/p>\n<p>En su oportunidad, el Consejero Electoral del IEEH, Augusto Hern\u00e1ndez Abogado, habl\u00f3 de las acciones y estrategias implementadas por el Consejo General de este Organismo P\u00fablico Local Electoral (OPLE) para mejorar la representaci\u00f3n ind\u00edgena en el pasado Proceso Electoral Local.<\/p>\n<p>Gracias a esta acci\u00f3n afirmativa, y al apoyo y acompa\u00f1amiento de los Partidos Pol\u00edticos, Hidalgo logr\u00f3 la postulaci\u00f3n ind\u00edgena en los tres Distritos Electorales Ind\u00edgenas: San Felipe Orizatl\u00e1n, Ixmiquilpan e Ixmiquilpan, dejando as\u00ed el primer precedente que el Instituto Estatal Electoral de Hidalgo fij\u00f3 para el resto de los Organismos P\u00fablicos Locales Electorales del pa\u00eds.<\/p>\n<p>Adem\u00e1s de \u00e9sta actividad, se desarrollaron los panales \u201cLas experiencias en el distrito ind\u00edgena de San Luis Potos\u00ed\u201d, \u201cLas experiencias en los distritos ind\u00edgenas de Chiapas\u201d y \u201cDi\u00e1logos sobre los desaf\u00edos y las alternativas para la representaci\u00f3n pol\u00edtica ind\u00edgena\u201d.<\/p>\n","protected":false},"excerpt":{"rendered":"<p>PRIMER PRECEDENTE NACIONAL EN LA MATERIA \u00a0Pachuca, Hgo. &#8211;\u00a0El Instituto Estatal Electoral de Hidalgo (IEEH) form\u00f3 parte del Conversatorio \u00abAcci\u00f3n afirmativa y representaci\u00f3n pol\u00edtica ind\u00edgena. Experiencias y buenas pr\u00e1cticas del proceso electoral de 2018\u00bb realizado en El Colegio de M\u00e9xico (Colmex) el pasado 14 de noviembre. La Organizaci\u00f3n Democracia, Derechos Humanos y Seguridad A.C. y<\/p>\n","protected":false},"author":2,"featured_media":22080,"comment_status":"open","ping_status":"closed","sticky":false,"template":"","format":"standard","meta":{"footnotes":""},"categories":[10],"tags":[],"class_list":{"0":"post-22079","1":"post","2":"type-post","3":"status-publish","4":"format-standard","5":"has-post-thumbnail","7":"category-hidalgo"},"_links":{"self":[{"href":"https:\/\/elreporterohgo.com\/noticias\/wp-json\/wp\/v2\/posts\/22079","targetHints":{"allow":["GET"]}}],"collection":[{"href":"https:\/\/elreporterohgo.com\/noticias\/wp-json\/wp\/v2\/posts"}],"about":[{"href":"https:\/\/elreporterohgo.com\/noticias\/wp-json\/wp\/v2\/types\/post"}],"author":[{"embeddable":true,"href":"https:\/\/elreporterohgo.com\/noticias\/wp-json\/wp\/v2\/users\/2"}],"replies":[{"embeddable":true,"href":"https:\/\/elreporterohgo.com\/noticias\/wp-json\/wp\/v2\/comments?post=22079"}],"version-history":[{"count":2,"href":"https:\/\/elreporterohgo.com\/noticias\/wp-json\/wp\/v2\/posts\/22079\/revisions"}],"predecessor-version":[{"id":22083,"href":"https:\/\/elreporterohgo.com\/noticias\/wp-json\/wp\/v2\/posts\/22079\/revisions\/22083"}],"wp:featuredmedia":[{"embeddable":true,"href":"https:\/\/elreporterohgo.com\/noticias\/wp-json\/wp\/v2\/media\/22080"}],"wp:attachment":[{"href":"https:\/\/elreporterohgo.com\/noticias\/wp-json\/wp\/v2\/media?parent=22079"}],"wp:term":[{"taxonomy":"category","embeddable":true,"href":"https:\/\/elreporterohgo.com\/noticias\/wp-json\/wp\/v2\/categories?post=22079"},{"taxonomy":"post_tag","embeddable":true,"href":"https:\/\/elreporterohgo.com\/noticias\/wp-json\/wp\/v2\/tags?post=22079"}],"curies":[{"name":"wp","href":"https:\/\/api.w.org\/{rel}","templated":true}]}}