{"id":22067,"date":"2018-11-14T19:31:12","date_gmt":"2018-11-15T01:31:12","guid":{"rendered":"https:\/\/elreporterohgo.com\/noticias\/?p=22067"},"modified":"2018-11-14T19:31:12","modified_gmt":"2018-11-15T01:31:12","slug":"hidalgo-esta-listo-para-albergar-al-septimo-festival-nacional-del-conocimiento","status":"publish","type":"post","link":"https:\/\/elreporterohgo.com\/noticias\/2018\/11\/14\/hidalgo-esta-listo-para-albergar-al-septimo-festival-nacional-del-conocimiento\/","title":{"rendered":"HIDALGO EST\u00c1 LISTO PARA ALBERGAR AL S\u00c9PTIMO FESTIVAL NACIONAL DEL CONOCIMIENTO"},"content":{"rendered":"<h1><\/h1>\n<p><a href=\"https::\/\/elreporterohgo.com\/noticias\/wp-content\/uploads\/2018\/11\/0pre.jpg\"><img decoding=\"async\" class=\"alignnone size-medium wp-image-22068\" src=\"https::\/\/elreporterohgo.com\/noticias\/wp-content\/uploads\/2018\/11\/0pre-300x147.jpg\" alt=\"\" width=\"300\" height=\"147\" srcset=\"https:\/\/elreporterohgo.com\/noticias\/wp-content\/uploads\/2018\/11\/0pre-300x147.jpg 300w, https:\/\/elreporterohgo.com\/noticias\/wp-content\/uploads\/2018\/11\/0pre-768x377.jpg 768w, https:\/\/elreporterohgo.com\/noticias\/wp-content\/uploads\/2018\/11\/0pre-1024x503.jpg 1024w\" sizes=\"(max-width: 300px) 100vw, 300px\" \/><\/a><\/p>\n<p><em>Pachuca, Hgo. &#8211;\u00a0<\/em>Luego de que el gobernador Omar Fayad gestionara la realizaci\u00f3n del S\u00e9ptimo Festival Nacional del Conocimiento as\u00ed como 100 Encuentros de Ciencia, Artes y Humanidades, en Hidalgo, a trav\u00e9s de la Unidad de Planeaci\u00f3n y Prospectiva cuyo titular es Lam\u00e1n Carranza Ram\u00edrez, todo est\u00e1 listo para el encuentro que re\u00fane por igual a todas las esferas y \u00e1mbitos de la sociedad.<\/p>\n<p>As\u00ed lo dieron a conocer en conferencia de prensa representantes de la Universidad Nacional Aut\u00f3noma de M\u00e9xico (UNAM), en coordinaci\u00f3n con el gobierno del estado de Hidalgo, quienes afirmaron que la finalidad es propiciar el intercambio de conocimiento as\u00ed como el de incidir en las brechas de desigualdad a trav\u00e9s de las diferentes ramas del saber.<\/p>\n<p>Al respecto, Israel F\u00e9lix Soto titular de la Secretar\u00eda Ejecutiva de la Pol\u00edtica P\u00fablica en Hidalgo, asegur\u00f3 que \u201cestamos muy agradecidos por esta distinci\u00f3n que nos ha dado la Universidad Nacional Aut\u00f3noma de M\u00e9xico, por ser la primera entidad federativa en recibir este grandioso festival y es precisamente en el marco de los 100 encuentros de ciencias, artes y humanidades\u201d, ya que por primera ocasi\u00f3n se realizar\u00e1 fuera de la Ciudad de M\u00e9xico.<\/p>\n<p>Reconoci\u00f3 a la Universidad Nacional por la coordinaci\u00f3n de estos trabajos que integran al S\u00e9ptimo Festival Nacional del conocimiento, que tambi\u00e9n, se realizar\u00e1 en la entidad y del que dijo, ser\u00e1 de gran relevancia en una sociedad que cuenta con un gran legado.<\/p>\n<p>Es debido a su riqueza hist\u00f3rica y cultural, as\u00ed como un reconocimiento a la entidad como un punto de desarrollo, que Hidalgo ser\u00e1 sede del pr\u00f3ximo 18 al 25 de noviembre.<\/p>\n<p>Es importante resaltar, que el programa del festival se adecua a las necesidades\u00a0 m\u00e1s apremiantes del lugar en donde se realiza, por lo que en esta ocasi\u00f3n, se dividi\u00f3 en brigadas de salud, actividades culturales, art\u00edsticas y acad\u00e9micas, siendo el conocimiento el ingrediente principal.<\/p>\n<p>En la edici\u00f3n de este a\u00f1o, se contar\u00e1 con la participaci\u00f3n tanto de cient\u00edficos como especialistas en diferentes temas a trav\u00e9s de conferencias y talleres, con el objetivo de representar los valores de la identidad local.<\/p>\n<p>Las actividades se realizar\u00e1n en lugares representativos de tres municipios: en Pachuca, ser\u00e1n la Plaza Ju\u00e1rez y el Teatro Hidalgo; en Zempoala, las hist\u00f3ricas haciendas, mientras que en San Agust\u00edn Tlaxiaca los eventos se desarrollar\u00e1n en la Ciudad del Conocimiento y Citnova, todos sitios ideales para el intercambio y la interacci\u00f3n.<\/p>\n<p>Se sabe que cada d\u00eda se dedicar\u00e1 a una tem\u00e1tica diferente con actividades en cada punto de encuentro, por lo que se abordar\u00e1n temas de sexualidad y equidad de g\u00e9nero, sustentabilidad ambiental, geoparques y turismo sustentable; alimentaci\u00f3n sustentable y desarrollo agropecuario, ciencia y tecnolog\u00eda para el desarrollo social, astronom\u00eda y desarrollo espacial, multiculturalidad, educaci\u00f3n en M\u00e9xico y salud integral.<\/p>\n<p>\u00c1ngel Cesar Mayren, coordinador de los Encuentros de Ciencias, Artes y Humanidades de la UNAM, destac\u00f3 la importancia de la convivencia natural de las tres \u00e1reas del conocimiento como son las ciencias artes y humanidades, asegur\u00f3 adem\u00e1s que el conocimiento no se suma, sino que se multiplica, y es de esa manera que se pueden lograr grandes proyectos.<\/p>\n<p>\u201cHidalgo est\u00e1 teniendo una participaci\u00f3n sumamente relevante, es decir, c\u00f3mo la academia con el gobierno se acerca a la sociedad para escuchar y a partir de ello generar pol\u00edticas p\u00fablicas\u201d, subray\u00f3.<\/p>\n<p>Afirm\u00f3 que todo lo que est\u00e1 sucediendo en Hidalgo tiene un impacto importante, es por esta raz\u00f3n, y como gesti\u00f3n del gobernador Omar Fayad, que se decidi\u00f3 realizar el 100 encuentro en esta entidad federativa.<\/p>\n<p>Finalmente, a esta presentaci\u00f3n, acudi\u00f3 el tenor M\u00e9xico-Alem\u00e1n Adam S\u00e1nchez, quien ser\u00e1 el encargado del concierto de cierre en el Auditorio Gota de Plata, acompa\u00f1ado de la Orquesta Sinf\u00f3nica Esperanza Azteca Hidalgo; as\u00ed como el jazzista Jorge Estrada, el compositor de la Costa Chica: Chogo Prudente y el grupo Pat\u00e9 de Fu\u00e1.<\/p>\n","protected":false},"excerpt":{"rendered":"<p>Pachuca, Hgo. &#8211;\u00a0Luego de que el gobernador Omar Fayad gestionara la realizaci\u00f3n del S\u00e9ptimo Festival Nacional del Conocimiento as\u00ed como 100 Encuentros de Ciencia, Artes y Humanidades, en Hidalgo, a trav\u00e9s de la Unidad de Planeaci\u00f3n y Prospectiva cuyo titular es Lam\u00e1n Carranza Ram\u00edrez, todo est\u00e1 listo para el encuentro que re\u00fane por igual a<\/p>\n","protected":false},"author":2,"featured_media":22068,"comment_status":"open","ping_status":"closed","sticky":false,"template":"","format":"standard","meta":{"footnotes":""},"categories":[10],"tags":[],"class_list":{"0":"post-22067","1":"post","2":"type-post","3":"status-publish","4":"format-standard","5":"has-post-thumbnail","7":"category-hidalgo"},"_links":{"self":[{"href":"https:\/\/elreporterohgo.com\/noticias\/wp-json\/wp\/v2\/posts\/22067","targetHints":{"allow":["GET"]}}],"collection":[{"href":"https:\/\/elreporterohgo.com\/noticias\/wp-json\/wp\/v2\/posts"}],"about":[{"href":"https:\/\/elreporterohgo.com\/noticias\/wp-json\/wp\/v2\/types\/post"}],"author":[{"embeddable":true,"href":"https:\/\/elreporterohgo.com\/noticias\/wp-json\/wp\/v2\/users\/2"}],"replies":[{"embeddable":true,"href":"https:\/\/elreporterohgo.com\/noticias\/wp-json\/wp\/v2\/comments?post=22067"}],"version-history":[{"count":1,"href":"https:\/\/elreporterohgo.com\/noticias\/wp-json\/wp\/v2\/posts\/22067\/revisions"}],"predecessor-version":[{"id":22069,"href":"https:\/\/elreporterohgo.com\/noticias\/wp-json\/wp\/v2\/posts\/22067\/revisions\/22069"}],"wp:featuredmedia":[{"embeddable":true,"href":"https:\/\/elreporterohgo.com\/noticias\/wp-json\/wp\/v2\/media\/22068"}],"wp:attachment":[{"href":"https:\/\/elreporterohgo.com\/noticias\/wp-json\/wp\/v2\/media?parent=22067"}],"wp:term":[{"taxonomy":"category","embeddable":true,"href":"https:\/\/elreporterohgo.com\/noticias\/wp-json\/wp\/v2\/categories?post=22067"},{"taxonomy":"post_tag","embeddable":true,"href":"https:\/\/elreporterohgo.com\/noticias\/wp-json\/wp\/v2\/tags?post=22067"}],"curies":[{"name":"wp","href":"https:\/\/api.w.org\/{rel}","templated":true}]}}