{"id":22033,"date":"2018-11-13T16:20:33","date_gmt":"2018-11-13T22:20:33","guid":{"rendered":"https:\/\/elreporterohgo.com\/noticias\/?p=22033"},"modified":"2018-11-13T16:20:33","modified_gmt":"2018-11-13T22:20:33","slug":"alcaldesa-inauguro-tienda-departamental","status":"publish","type":"post","link":"https:\/\/elreporterohgo.com\/noticias\/2018\/11\/13\/alcaldesa-inauguro-tienda-departamental\/","title":{"rendered":"Alcaldesa inauguro tienda departamental"},"content":{"rendered":"<p><a href=\"https::\/\/elreporterohgo.com\/noticias\/wp-content\/uploads\/2018\/11\/Imagen260.jpg\"><img fetchpriority=\"high\" decoding=\"async\" class=\"alignnone size-medium wp-image-22034\" src=\"https::\/\/elreporterohgo.com\/noticias\/wp-content\/uploads\/2018\/11\/Imagen260-300x200.jpg\" alt=\"\" width=\"300\" height=\"200\" srcset=\"https:\/\/elreporterohgo.com\/noticias\/wp-content\/uploads\/2018\/11\/Imagen260-300x200.jpg 300w, https:\/\/elreporterohgo.com\/noticias\/wp-content\/uploads\/2018\/11\/Imagen260-768x512.jpg 768w, https:\/\/elreporterohgo.com\/noticias\/wp-content\/uploads\/2018\/11\/Imagen260-1024x683.jpg 1024w, https:\/\/elreporterohgo.com\/noticias\/wp-content\/uploads\/2018\/11\/Imagen260.jpg 1500w\" sizes=\"(max-width: 300px) 100vw, 300px\" \/><\/a><\/p>\n<p>Contrataron empleados apanenses<\/p>\n<p>La Presidente Municipal de Apan, Mar\u00eda Antonieta de los \u00c1ngeles Anaya Ortega realiz\u00f3 el corte del list\u00f3n inaugural de la tienda 7640 Coppel Zaragoza, la cual apertura en su etapa de operaci\u00f3n 55 nuevos empleos directos, lo que significa seguridad financiera a igual n\u00famero de familias apanenses, ya que contar\u00e1n con un sueldo fijo m\u00e1s prestaciones superiores a las establecidas por la ley.<\/p>\n<p>Durante su etapa de construcci\u00f3n, se generaron m\u00e1s de 250 empleos directos e indirectos, lo que constituye importante derrama econ\u00f3mica para la sociedad local. Adem\u00e1s, acerca a clientes de Almoloya y Emiliano Zapata al municipio de Apan.<\/p>\n<p>En su mensaje de bienvenida el Jaime Espinosa Solano, Gerente de Zona de la tienda, agradeci\u00f3 a las autoridades municipales las facilidades otorgadas al corporativo que hicieron posible la apertura de este establecimiento en el que mencion\u00f3 \u201cNo cabe duda de que trabajando de la mano, la iniciativa privada y el gobierno municipal podemos brindar mejores oportunidades a las familias de este hermoso municipio\u201d.<\/p>\n<p>Anaya Ortega estuvo acompa\u00f1ada del Secretario General Municipal y de miembros del Honorable Ayuntamiento quienes felicitaron a los empleados de las distintas \u00e1reas que fueron seleccionados para laborar en la nueva tienda, quienes fueron canalizados a trav\u00e9s de la Direcci\u00f3n de Desarrollo Econ\u00f3mico Municipal de Apan, por lo que el cien por ciento de los trabajadores viven dentro del municipio.<\/p>\n<p>&nbsp;<\/p>\n","protected":false},"excerpt":{"rendered":"<p>Contrataron empleados apanenses La Presidente Municipal de Apan, Mar\u00eda Antonieta de los \u00c1ngeles Anaya Ortega realiz\u00f3 el corte del list\u00f3n inaugural de la tienda 7640 Coppel Zaragoza, la cual apertura en su etapa de operaci\u00f3n 55 nuevos empleos directos, lo que significa seguridad financiera a igual n\u00famero de familias apanenses, ya que contar\u00e1n con un<\/p>\n","protected":false},"author":2,"featured_media":22034,"comment_status":"open","ping_status":"closed","sticky":false,"template":"","format":"standard","meta":{"footnotes":""},"categories":[10],"tags":[],"class_list":{"0":"post-22033","1":"post","2":"type-post","3":"status-publish","4":"format-standard","5":"has-post-thumbnail","7":"category-hidalgo"},"_links":{"self":[{"href":"https:\/\/elreporterohgo.com\/noticias\/wp-json\/wp\/v2\/posts\/22033","targetHints":{"allow":["GET"]}}],"collection":[{"href":"https:\/\/elreporterohgo.com\/noticias\/wp-json\/wp\/v2\/posts"}],"about":[{"href":"https:\/\/elreporterohgo.com\/noticias\/wp-json\/wp\/v2\/types\/post"}],"author":[{"embeddable":true,"href":"https:\/\/elreporterohgo.com\/noticias\/wp-json\/wp\/v2\/users\/2"}],"replies":[{"embeddable":true,"href":"https:\/\/elreporterohgo.com\/noticias\/wp-json\/wp\/v2\/comments?post=22033"}],"version-history":[{"count":2,"href":"https:\/\/elreporterohgo.com\/noticias\/wp-json\/wp\/v2\/posts\/22033\/revisions"}],"predecessor-version":[{"id":22036,"href":"https:\/\/elreporterohgo.com\/noticias\/wp-json\/wp\/v2\/posts\/22033\/revisions\/22036"}],"wp:featuredmedia":[{"embeddable":true,"href":"https:\/\/elreporterohgo.com\/noticias\/wp-json\/wp\/v2\/media\/22034"}],"wp:attachment":[{"href":"https:\/\/elreporterohgo.com\/noticias\/wp-json\/wp\/v2\/media?parent=22033"}],"wp:term":[{"taxonomy":"category","embeddable":true,"href":"https:\/\/elreporterohgo.com\/noticias\/wp-json\/wp\/v2\/categories?post=22033"},{"taxonomy":"post_tag","embeddable":true,"href":"https:\/\/elreporterohgo.com\/noticias\/wp-json\/wp\/v2\/tags?post=22033"}],"curies":[{"name":"wp","href":"https:\/\/api.w.org\/{rel}","templated":true}]}}