{"id":21882,"date":"2018-11-04T20:28:12","date_gmt":"2018-11-05T02:28:12","guid":{"rendered":"https:\/\/elreporterohgo.com\/noticias\/?p=21882"},"modified":"2018-11-04T20:28:12","modified_gmt":"2018-11-05T02:28:12","slug":"chalecos-balisticos-a-egresados-del-curso-de-formacion-inicial","status":"publish","type":"post","link":"https:\/\/elreporterohgo.com\/noticias\/2018\/11\/04\/chalecos-balisticos-a-egresados-del-curso-de-formacion-inicial\/","title":{"rendered":"Chalecos bal\u00edsticos a egresados del curso de formaci\u00f3n inicial"},"content":{"rendered":"<p>&nbsp;<\/p>\n<p><a href=\"https::\/\/elreporterohgo.com\/noticias\/wp-content\/uploads\/2018\/11\/WhatsApp-Image-2018-11-01-at-17.58.58-1.jpeg\"><img fetchpriority=\"high\" decoding=\"async\" class=\"alignnone size-medium wp-image-21883\" src=\"https::\/\/elreporterohgo.com\/noticias\/wp-content\/uploads\/2018\/11\/WhatsApp-Image-2018-11-01-at-17.58.58-1-300x169.jpeg\" alt=\"\" width=\"300\" height=\"169\" srcset=\"https:\/\/elreporterohgo.com\/noticias\/wp-content\/uploads\/2018\/11\/WhatsApp-Image-2018-11-01-at-17.58.58-1-300x169.jpeg 300w, https:\/\/elreporterohgo.com\/noticias\/wp-content\/uploads\/2018\/11\/WhatsApp-Image-2018-11-01-at-17.58.58-1-768x431.jpeg 768w, https:\/\/elreporterohgo.com\/noticias\/wp-content\/uploads\/2018\/11\/WhatsApp-Image-2018-11-01-at-17.58.58-1-1024x575.jpeg 1024w, https:\/\/elreporterohgo.com\/noticias\/wp-content\/uploads\/2018\/11\/WhatsApp-Image-2018-11-01-at-17.58.58-1.jpeg 1280w\" sizes=\"(max-width: 300px) 100vw, 300px\" \/><\/a><a href=\"https::\/\/elreporterohgo.com\/noticias\/wp-content\/uploads\/2018\/11\/WhatsApp-Image-2018-11-01-at-17.58.59.jpeg\"><img decoding=\"async\" class=\"alignnone size-medium wp-image-21884\" src=\"https::\/\/elreporterohgo.com\/noticias\/wp-content\/uploads\/2018\/11\/WhatsApp-Image-2018-11-01-at-17.58.59-300x169.jpeg\" alt=\"\" width=\"300\" height=\"169\" srcset=\"https:\/\/elreporterohgo.com\/noticias\/wp-content\/uploads\/2018\/11\/WhatsApp-Image-2018-11-01-at-17.58.59-300x169.jpeg 300w, https:\/\/elreporterohgo.com\/noticias\/wp-content\/uploads\/2018\/11\/WhatsApp-Image-2018-11-01-at-17.58.59-768x431.jpeg 768w, https:\/\/elreporterohgo.com\/noticias\/wp-content\/uploads\/2018\/11\/WhatsApp-Image-2018-11-01-at-17.58.59-1024x575.jpeg 1024w, https:\/\/elreporterohgo.com\/noticias\/wp-content\/uploads\/2018\/11\/WhatsApp-Image-2018-11-01-at-17.58.59.jpeg 1280w\" sizes=\"(max-width: 300px) 100vw, 300px\" \/><\/a><a href=\"https::\/\/elreporterohgo.com\/noticias\/wp-content\/uploads\/2018\/11\/WhatsApp-Image-2018-11-01-at-17.59.03-1.jpeg\"><img decoding=\"async\" class=\"alignnone size-medium wp-image-21885\" src=\"https::\/\/elreporterohgo.com\/noticias\/wp-content\/uploads\/2018\/11\/WhatsApp-Image-2018-11-01-at-17.59.03-1-300x169.jpeg\" alt=\"\" width=\"300\" height=\"169\" srcset=\"https:\/\/elreporterohgo.com\/noticias\/wp-content\/uploads\/2018\/11\/WhatsApp-Image-2018-11-01-at-17.59.03-1-300x169.jpeg 300w, https:\/\/elreporterohgo.com\/noticias\/wp-content\/uploads\/2018\/11\/WhatsApp-Image-2018-11-01-at-17.59.03-1-768x431.jpeg 768w, https:\/\/elreporterohgo.com\/noticias\/wp-content\/uploads\/2018\/11\/WhatsApp-Image-2018-11-01-at-17.59.03-1-1024x575.jpeg 1024w, https:\/\/elreporterohgo.com\/noticias\/wp-content\/uploads\/2018\/11\/WhatsApp-Image-2018-11-01-at-17.59.03-1.jpeg 1280w\" sizes=\"(max-width: 300px) 100vw, 300px\" \/><\/a><a href=\"https::\/\/elreporterohgo.com\/noticias\/wp-content\/uploads\/2018\/11\/WhatsApp-Image-2018-11-01-at-17.59.03.jpeg\"><img loading=\"lazy\" decoding=\"async\" class=\"alignnone size-medium wp-image-21886\" src=\"https::\/\/elreporterohgo.com\/noticias\/wp-content\/uploads\/2018\/11\/WhatsApp-Image-2018-11-01-at-17.59.03-300x169.jpeg\" alt=\"\" width=\"300\" height=\"169\" srcset=\"https:\/\/elreporterohgo.com\/noticias\/wp-content\/uploads\/2018\/11\/WhatsApp-Image-2018-11-01-at-17.59.03-300x169.jpeg 300w, https:\/\/elreporterohgo.com\/noticias\/wp-content\/uploads\/2018\/11\/WhatsApp-Image-2018-11-01-at-17.59.03-768x431.jpeg 768w, https:\/\/elreporterohgo.com\/noticias\/wp-content\/uploads\/2018\/11\/WhatsApp-Image-2018-11-01-at-17.59.03-1024x575.jpeg 1024w, https:\/\/elreporterohgo.com\/noticias\/wp-content\/uploads\/2018\/11\/WhatsApp-Image-2018-11-01-at-17.59.03.jpeg 1280w\" sizes=\"(max-width: 300px) 100vw, 300px\" \/><\/a><\/p>\n<p><strong>Edil entreg\u00f3 el equipo a polic\u00edas preventivos<\/strong><\/p>\n<p>En presencia de autoridades municipales y estatales se llev\u00f3 a cabo la graduaci\u00f3n y entrega de constancias por haber terminado satisfactoriamente el curso de formaci\u00f3n inicial para polic\u00edas preventivos municipales del programa FORTASEG 2018 en el cual egresaron los nuevos elementos que se incorporar\u00e1n a las secretar\u00edas de seguridad p\u00fablica municipal de Tulancingo y Tepeapulco.<\/p>\n<p>El alcalde Alfonso Delgadillo, asisti\u00f3 a este evento al que tambi\u00e9n se dio cita el Secretario de Seguridad P\u00fablica, Mauricio Delmar Saavedra y en donde adem\u00e1s de la entrega de constancias se brind\u00f3 el reconocimiento a quienes formar\u00e1n parte de los elementos que vigilar\u00e1n el bienestar de la ciudadan\u00eda.<\/p>\n<p>El evento tuvo lugar en el auditorio del Instituto de Formaci\u00f3n Profesional, en donde fueron un total de 17 egresados que formar\u00e1n parte de los elementos de polic\u00eda municipal en sus respectivos municipios.<\/p>\n<p>Cabe destacar que en el marco de esta importante graduaci\u00f3n el alcalde de Tepeapulco realiz\u00f3 la entrega simb\u00f3lica de chalecos de uso exterior Nivel III-A certificado bajo la norma NIJ 0101.06, el cual debe garantizar protecci\u00f3n en frente, espalda, costados y hombros, con dos bolsillos para portar las placas de nivel superior Nivel IV y asa de elemento ca\u00eddo cumpliendo con todos los lineamiento solicitados por FORTASEG 2018.<\/p>\n<p>El alcalde hizo un reconocimiento a quienes ahora formar\u00e1n parte de la instituci\u00f3n de seguridad p\u00fablica municipal y refrendo el compromiso de la actual administraci\u00f3n de contar cada d\u00eda con m\u00e1s elementos capacitados para brindar seguridad a quienes habitan en el municipio de Tepeapulco.<\/p>\n","protected":false},"excerpt":{"rendered":"<p>&nbsp; Edil entreg\u00f3 el equipo a polic\u00edas preventivos En presencia de autoridades municipales y estatales se llev\u00f3 a cabo la graduaci\u00f3n y entrega de constancias por haber terminado satisfactoriamente el curso de formaci\u00f3n inicial para polic\u00edas preventivos municipales del programa FORTASEG 2018 en el cual egresaron los nuevos elementos que se incorporar\u00e1n a las secretar\u00edas<\/p>\n","protected":false},"author":2,"featured_media":21883,"comment_status":"open","ping_status":"closed","sticky":false,"template":"","format":"standard","meta":{"footnotes":""},"categories":[10],"tags":[],"class_list":{"0":"post-21882","1":"post","2":"type-post","3":"status-publish","4":"format-standard","5":"has-post-thumbnail","7":"category-hidalgo"},"_links":{"self":[{"href":"https:\/\/elreporterohgo.com\/noticias\/wp-json\/wp\/v2\/posts\/21882","targetHints":{"allow":["GET"]}}],"collection":[{"href":"https:\/\/elreporterohgo.com\/noticias\/wp-json\/wp\/v2\/posts"}],"about":[{"href":"https:\/\/elreporterohgo.com\/noticias\/wp-json\/wp\/v2\/types\/post"}],"author":[{"embeddable":true,"href":"https:\/\/elreporterohgo.com\/noticias\/wp-json\/wp\/v2\/users\/2"}],"replies":[{"embeddable":true,"href":"https:\/\/elreporterohgo.com\/noticias\/wp-json\/wp\/v2\/comments?post=21882"}],"version-history":[{"count":2,"href":"https:\/\/elreporterohgo.com\/noticias\/wp-json\/wp\/v2\/posts\/21882\/revisions"}],"predecessor-version":[{"id":21888,"href":"https:\/\/elreporterohgo.com\/noticias\/wp-json\/wp\/v2\/posts\/21882\/revisions\/21888"}],"wp:featuredmedia":[{"embeddable":true,"href":"https:\/\/elreporterohgo.com\/noticias\/wp-json\/wp\/v2\/media\/21883"}],"wp:attachment":[{"href":"https:\/\/elreporterohgo.com\/noticias\/wp-json\/wp\/v2\/media?parent=21882"}],"wp:term":[{"taxonomy":"category","embeddable":true,"href":"https:\/\/elreporterohgo.com\/noticias\/wp-json\/wp\/v2\/categories?post=21882"},{"taxonomy":"post_tag","embeddable":true,"href":"https:\/\/elreporterohgo.com\/noticias\/wp-json\/wp\/v2\/tags?post=21882"}],"curies":[{"name":"wp","href":"https:\/\/api.w.org\/{rel}","templated":true}]}}