{"id":21850,"date":"2018-11-04T00:33:49","date_gmt":"2018-11-04T06:33:49","guid":{"rendered":"https:\/\/elreporterohgo.com\/noticias\/?p=21850"},"modified":"2018-11-04T00:33:49","modified_gmt":"2018-11-04T06:33:49","slug":"alcalde-pone-el-ejemplo-en-transparentar-aplicacion-de-recursos","status":"publish","type":"post","link":"https:\/\/elreporterohgo.com\/noticias\/2018\/11\/04\/alcalde-pone-el-ejemplo-en-transparentar-aplicacion-de-recursos\/","title":{"rendered":"Alcalde pone el ejemplo en transparentar aplicaci\u00f3n de recursos"},"content":{"rendered":"<p><a href=\"https::\/\/elreporterohgo.com\/noticias\/wp-content\/uploads\/2018\/11\/IMG_0299.jpg\"><img fetchpriority=\"high\" decoding=\"async\" class=\"alignnone size-medium wp-image-21851\" src=\"https::\/\/elreporterohgo.com\/noticias\/wp-content\/uploads\/2018\/11\/IMG_0299-300x200.jpg\" alt=\"\" width=\"300\" height=\"200\" srcset=\"https:\/\/elreporterohgo.com\/noticias\/wp-content\/uploads\/2018\/11\/IMG_0299-300x200.jpg 300w, https:\/\/elreporterohgo.com\/noticias\/wp-content\/uploads\/2018\/11\/IMG_0299-768x512.jpg 768w, https:\/\/elreporterohgo.com\/noticias\/wp-content\/uploads\/2018\/11\/IMG_0299-1024x683.jpg 1024w\" sizes=\"(max-width: 300px) 100vw, 300px\" \/><\/a><a href=\"https::\/\/elreporterohgo.com\/noticias\/wp-content\/uploads\/2018\/11\/IMG_0290.jpg\"><img decoding=\"async\" class=\"alignnone size-medium wp-image-21852\" src=\"https::\/\/elreporterohgo.com\/noticias\/wp-content\/uploads\/2018\/11\/IMG_0290-300x200.jpg\" alt=\"\" width=\"300\" height=\"200\" srcset=\"https:\/\/elreporterohgo.com\/noticias\/wp-content\/uploads\/2018\/11\/IMG_0290-300x200.jpg 300w, https:\/\/elreporterohgo.com\/noticias\/wp-content\/uploads\/2018\/11\/IMG_0290-768x512.jpg 768w, https:\/\/elreporterohgo.com\/noticias\/wp-content\/uploads\/2018\/11\/IMG_0290-1024x683.jpg 1024w\" sizes=\"(max-width: 300px) 100vw, 300px\" \/><\/a><a href=\"https::\/\/elreporterohgo.com\/noticias\/wp-content\/uploads\/2018\/11\/IMG_0292.jpg\"><img decoding=\"async\" class=\"alignnone size-medium wp-image-21853\" src=\"https::\/\/elreporterohgo.com\/noticias\/wp-content\/uploads\/2018\/11\/IMG_0292-300x200.jpg\" alt=\"\" width=\"300\" height=\"200\" srcset=\"https:\/\/elreporterohgo.com\/noticias\/wp-content\/uploads\/2018\/11\/IMG_0292-300x200.jpg 300w, https:\/\/elreporterohgo.com\/noticias\/wp-content\/uploads\/2018\/11\/IMG_0292-768x512.jpg 768w, https:\/\/elreporterohgo.com\/noticias\/wp-content\/uploads\/2018\/11\/IMG_0292-1024x683.jpg 1024w\" sizes=\"(max-width: 300px) 100vw, 300px\" \/><\/a><a href=\"https::\/\/elreporterohgo.com\/noticias\/wp-content\/uploads\/2018\/11\/IMG_0287.jpg\"><img loading=\"lazy\" decoding=\"async\" class=\"alignnone size-medium wp-image-21854\" src=\"https::\/\/elreporterohgo.com\/noticias\/wp-content\/uploads\/2018\/11\/IMG_0287-300x200.jpg\" alt=\"\" width=\"300\" height=\"200\" srcset=\"https:\/\/elreporterohgo.com\/noticias\/wp-content\/uploads\/2018\/11\/IMG_0287-300x200.jpg 300w, https:\/\/elreporterohgo.com\/noticias\/wp-content\/uploads\/2018\/11\/IMG_0287-768x512.jpg 768w, https:\/\/elreporterohgo.com\/noticias\/wp-content\/uploads\/2018\/11\/IMG_0287-1024x683.jpg 1024w\" sizes=\"(max-width: 300px) 100vw, 300px\" \/><\/a><\/p>\n<p>Almoloya ser\u00e1 evaluada por el Polit\u00e9cnico Nacional<\/p>\n<p>Por Juan Sabino Cruz<\/p>\n<p>ALMOLOYA, Hgo. \u2013 La sociedad moderna exige transparencia en el gasto del dinero y rendici\u00f3n de cuentas claras. V\u00edctor Manuel Hern\u00e1ndez Paredes, Presidente Municipal de Almoloya, asume el reto y firm\u00f3 un convenio de colaboraci\u00f3n con el Instituto Polit\u00e9cnico Nacional que evaluara la aplicaci\u00f3n de recursos p\u00fablicos federales en todas las \u00e1reas de la administraci\u00f3n municipal.<\/p>\n<p>La ma\u00f1ana del martes 23 de octubre, en la sala da cabildos de Almoloya, el alcalde Hern\u00e1ndez Paredes dio la bienvenida a funcionarios del Instituto Polit\u00e9cnico Nacional, a los integrantes del cabildo, as\u00ed como a su equipo de colaboradores y personas representativas del municipio.<\/p>\n<p>Adolfo Escamilla Esquivel, Director de la Unidad Profesional Interdisciplinaria de ingeniar\u00eda, Campus Hidalgo del Instituto Polit\u00e9cnico Nacional dio a conocer que la firma del convenio de colaboraci\u00f3n tiene como prop\u00f3sito que el Instituto Polit\u00e9cnico Nacional trabaje en evaluar la aplicaci\u00f3n de los recursos federales que llegan al municipio de Almoloya.<\/p>\n<p>Precis\u00f3 que de esta forma se podr\u00e1 medir como se han venido haciendo las cosas, se ver\u00e1 si es correcto o hay que corregir, as\u00ed se marcar\u00e1n las \u00e1reas de oportunidad para que en los siguientes a\u00f1os de la administraci\u00f3n y se tomen las mejores decisiones con base en la evidencia t\u00e9cnica y una evaluaci\u00f3n.<\/p>\n<p>El alcalde V\u00edctor Manuel Hern\u00e1ndez Paredes fue claro al establecer que el prop\u00f3sito es trabajar arduamente para impulsar el desarrollo y progreso de todo su pueblo, ahora podr\u00e1n transparentar y optimar la aplicaci\u00f3n de los recursos para que los beneficios sean mayores y la sociedad tenga un mejor nivel de vida.<\/p>\n<p>Explic\u00f3 que busca optimar el gasto p\u00fablico, porque son recursos que destina la federaci\u00f3n, sin embargo, nunca se miden y se ignora su impacto.<\/p>\n<p>Coment\u00f3 que se busca prevenir los desv\u00edos de recursos, as\u00ed se transparentara el gasto p\u00fablico y los funcionarios tendr\u00e1n que aplicar de manera adecuada el recurso que ejercen en favor de la sociedad de Almoloya.<\/p>\n<p>Coment\u00f3 que con estas acciones se refrenda el eslogan del Instituto Polit\u00e9cnico Nacional que reza: \u201cPoner la t\u00e9cnica al servicio de la patria\u201d. Pero adem\u00e1s se da seguimiento a la pol\u00edtica del gobernador Omar Fayad quien siempre los exhorta a innovar y esforzarse por hacer bien las cosas en favor del pueblo de Hidalgo.<\/p>\n","protected":false},"excerpt":{"rendered":"<p>Almoloya ser\u00e1 evaluada por el Polit\u00e9cnico Nacional Por Juan Sabino Cruz ALMOLOYA, Hgo. \u2013 La sociedad moderna exige transparencia en el gasto del dinero y rendici\u00f3n de cuentas claras. V\u00edctor Manuel Hern\u00e1ndez Paredes, Presidente Municipal de Almoloya, asume el reto y firm\u00f3 un convenio de colaboraci\u00f3n con el Instituto Polit\u00e9cnico Nacional que evaluara la aplicaci\u00f3n<\/p>\n","protected":false},"author":2,"featured_media":21851,"comment_status":"open","ping_status":"closed","sticky":false,"template":"","format":"standard","meta":{"footnotes":""},"categories":[10],"tags":[],"class_list":{"0":"post-21850","1":"post","2":"type-post","3":"status-publish","4":"format-standard","5":"has-post-thumbnail","7":"category-hidalgo"},"_links":{"self":[{"href":"https:\/\/elreporterohgo.com\/noticias\/wp-json\/wp\/v2\/posts\/21850","targetHints":{"allow":["GET"]}}],"collection":[{"href":"https:\/\/elreporterohgo.com\/noticias\/wp-json\/wp\/v2\/posts"}],"about":[{"href":"https:\/\/elreporterohgo.com\/noticias\/wp-json\/wp\/v2\/types\/post"}],"author":[{"embeddable":true,"href":"https:\/\/elreporterohgo.com\/noticias\/wp-json\/wp\/v2\/users\/2"}],"replies":[{"embeddable":true,"href":"https:\/\/elreporterohgo.com\/noticias\/wp-json\/wp\/v2\/comments?post=21850"}],"version-history":[{"count":2,"href":"https:\/\/elreporterohgo.com\/noticias\/wp-json\/wp\/v2\/posts\/21850\/revisions"}],"predecessor-version":[{"id":21857,"href":"https:\/\/elreporterohgo.com\/noticias\/wp-json\/wp\/v2\/posts\/21850\/revisions\/21857"}],"wp:featuredmedia":[{"embeddable":true,"href":"https:\/\/elreporterohgo.com\/noticias\/wp-json\/wp\/v2\/media\/21851"}],"wp:attachment":[{"href":"https:\/\/elreporterohgo.com\/noticias\/wp-json\/wp\/v2\/media?parent=21850"}],"wp:term":[{"taxonomy":"category","embeddable":true,"href":"https:\/\/elreporterohgo.com\/noticias\/wp-json\/wp\/v2\/categories?post=21850"},{"taxonomy":"post_tag","embeddable":true,"href":"https:\/\/elreporterohgo.com\/noticias\/wp-json\/wp\/v2\/tags?post=21850"}],"curies":[{"name":"wp","href":"https:\/\/api.w.org\/{rel}","templated":true}]}}