{"id":21767,"date":"2018-11-01T00:50:22","date_gmt":"2018-11-01T06:50:22","guid":{"rendered":"https:\/\/elreporterohgo.com\/noticias\/?p=21767"},"modified":"2018-11-01T00:50:22","modified_gmt":"2018-11-01T06:50:22","slug":"velatorio-gratuito-al-servicio-del-pueblo","status":"publish","type":"post","link":"https:\/\/elreporterohgo.com\/noticias\/2018\/11\/01\/velatorio-gratuito-al-servicio-del-pueblo\/","title":{"rendered":"Velatorio gratuito al servicio del pueblo"},"content":{"rendered":"<p><a href=\"https::\/\/elreporterohgo.com\/noticias\/wp-content\/uploads\/2018\/11\/IMG_0338.jpg\"><img fetchpriority=\"high\" decoding=\"async\" class=\"alignnone size-medium wp-image-21768\" src=\"https::\/\/elreporterohgo.com\/noticias\/wp-content\/uploads\/2018\/11\/IMG_0338-300x200.jpg\" alt=\"\" width=\"300\" height=\"200\" srcset=\"https:\/\/elreporterohgo.com\/noticias\/wp-content\/uploads\/2018\/11\/IMG_0338-300x200.jpg 300w, https:\/\/elreporterohgo.com\/noticias\/wp-content\/uploads\/2018\/11\/IMG_0338-768x512.jpg 768w, https:\/\/elreporterohgo.com\/noticias\/wp-content\/uploads\/2018\/11\/IMG_0338-1024x683.jpg 1024w\" sizes=\"(max-width: 300px) 100vw, 300px\" \/><\/a><a href=\"https::\/\/elreporterohgo.com\/noticias\/wp-content\/uploads\/2018\/11\/IMG_0356.jpg\"><img decoding=\"async\" class=\"alignnone size-medium wp-image-21769\" src=\"https::\/\/elreporterohgo.com\/noticias\/wp-content\/uploads\/2018\/11\/IMG_0356-300x200.jpg\" alt=\"\" width=\"300\" height=\"200\" srcset=\"https:\/\/elreporterohgo.com\/noticias\/wp-content\/uploads\/2018\/11\/IMG_0356-300x200.jpg 300w, https:\/\/elreporterohgo.com\/noticias\/wp-content\/uploads\/2018\/11\/IMG_0356-768x512.jpg 768w, https:\/\/elreporterohgo.com\/noticias\/wp-content\/uploads\/2018\/11\/IMG_0356-1024x683.jpg 1024w\" sizes=\"(max-width: 300px) 100vw, 300px\" \/><\/a><a href=\"https::\/\/elreporterohgo.com\/noticias\/wp-content\/uploads\/2018\/11\/IMG_0344.jpg\"><img decoding=\"async\" class=\"alignnone size-medium wp-image-21770\" src=\"https::\/\/elreporterohgo.com\/noticias\/wp-content\/uploads\/2018\/11\/IMG_0344-300x289.jpg\" alt=\"\" width=\"300\" height=\"289\" srcset=\"https:\/\/elreporterohgo.com\/noticias\/wp-content\/uploads\/2018\/11\/IMG_0344-300x289.jpg 300w, https:\/\/elreporterohgo.com\/noticias\/wp-content\/uploads\/2018\/11\/IMG_0344-768x741.jpg 768w, https:\/\/elreporterohgo.com\/noticias\/wp-content\/uploads\/2018\/11\/IMG_0344-1024x988.jpg 1024w\" sizes=\"(max-width: 300px) 100vw, 300px\" \/><\/a><a href=\"https::\/\/elreporterohgo.com\/noticias\/wp-content\/uploads\/2018\/11\/IMG_0331.jpg\"><img loading=\"lazy\" decoding=\"async\" class=\"alignnone size-medium wp-image-21771\" src=\"https::\/\/elreporterohgo.com\/noticias\/wp-content\/uploads\/2018\/11\/IMG_0331-300x200.jpg\" alt=\"\" width=\"300\" height=\"200\" srcset=\"https:\/\/elreporterohgo.com\/noticias\/wp-content\/uploads\/2018\/11\/IMG_0331-300x200.jpg 300w, https:\/\/elreporterohgo.com\/noticias\/wp-content\/uploads\/2018\/11\/IMG_0331-768x512.jpg 768w, https:\/\/elreporterohgo.com\/noticias\/wp-content\/uploads\/2018\/11\/IMG_0331-1024x683.jpg 1024w\" sizes=\"(max-width: 300px) 100vw, 300px\" \/><\/a><\/p>\n<p>Inaugurado por alcaldesa \u00c1ngeles Anaya<\/p>\n<p>Por Juan Sabino Cruz<\/p>\n<p>APAN, Hgo. \u2013 Un velatorio digno y gratuito fue puesto al servicio del pueblo apanense, se ubica a un costado del acceso al pante\u00f3n de la calle Reforma y, la noche de ayer, viernes, fue inaugurado por la alcaldesa \u00c1ngeles Anaya Ortega, mun\u00edcipes y decenas de personas que acudieron para atestiguar el evento.<\/p>\n<p>La Presidenta Municipal dio a conocer que sus colaboradores fueron quienes le hicieron la propuesta para crear un velatorio municipal para dar servicio gratuito a la poblaci\u00f3n en general llegue a sufrir la p\u00e9rdida de un ser querido.<\/p>\n<p>Dijo que en ocasiones las personas carecen de un lugar digno para velar a sus difuntos, inclusive, muchas veces carecen de recursos para pagar los gastos funerarios y un velatorio.<\/p>\n<p>Su equipo del Registro Civil y \u00e1rea de panteones unieron esfuerzos y propusieron ocupar un espacio tipo \u201csal\u00f3n\u201d que se ubica a un costado del acceso principal del pante\u00f3n, requer\u00eda mucho trabajo, sin embargo, ser\u00eda de gran utilidad para el pueblo en general.<\/p>\n<p>El tema fue llevado al cabildo y los regidores aprobaron el proyecto, as\u00ed que se empez\u00f3 a trabajar a marchas forzadas y lograron terminar a tiempo este velatorio que cuenta con excelente imagen exterior e interior, sin duda, un lugar digno para despedir a los seres queridos que se adelantan en el viaje sin retorno.<\/p>\n<p>As\u00ed, despu\u00e9s de las 19 horas de ayer, mi\u00e9rcoles 31 de octubre, la alcaldesa \u00c1ngeles Anaya, los regidores y los impulsores del proyecto, cortaron el list\u00f3n inaugural para despu\u00e9s proceder a la bendici\u00f3n del amplio inmueble que tiene un altar, suficiente iluminaci\u00f3n, decorado en blanco y el piso con loseta e tono claro.<\/p>\n<p>El velatorio es de primer nivel, se dej\u00f3 claro que ser\u00e1 gratuito y quienes necesiten utilizarlo tendr\u00e1n que solicitarlo al DIF Municipal.<\/p>\n<p>TRABAJA POR SU PUEBLO<\/p>\n<p>En otro orden de ideas, \u00c1ngeles Anaya preciso que ha trabajado con honestidad absoluta, pese a los malos comentarios de sus detractores pol\u00edticos, afirm\u00f3 que en la actualidad tiene 150 obras que ya fueron recepcionadas y muchas otras est\u00e1n en proceso y deber\u00e1 terminarlas en diciembre.<\/p>\n<p>Afirm\u00f3 que desde hace dos a\u00f1os la Asamblea Municipal autorizo la creaci\u00f3n de un corral\u00f3n municipal, se ha trabajado para cumplir todos los requisitos que exige la secretaria de movilidad y en un plazo no mayor a quince d\u00edas ser\u00e1 inaugurado con precios fijos, no negociables y en apoyo a la poblaci\u00f3n.<\/p>\n<p>Explic\u00f3 que el arrastre de los veh\u00edculos tendr\u00e1 un costo de 500 pesos desde cualquier punto del municipio y se cobraran 20 pesos por cada d\u00eda que permanezca encerrado, adem\u00e1s, se realizara un buen inventario y habr\u00e1 c\u00e1maras de video para garantizar que los coches no sean desvalijados.<\/p>\n<p>La alcaldesa sentenci\u00f3 que mantendr\u00e1 su ritmo de trabajo sin hacer caso a las calumnias de sus adversarios pol\u00edticos y, adelant\u00f3, que en breve remodelara la unidad deportiva y se instalaran luminarias en el bulevar Samuel Berganza, inclusive, luchara porque estas obras sean concluidas en lo que resta del presente a\u00f1o.<\/p>\n<p><a href=\"https::\/\/elreporterohgo.com\/noticias\/wp-content\/uploads\/2018\/11\/IMG_0360.jpg\"><img loading=\"lazy\" decoding=\"async\" class=\"alignnone size-medium wp-image-21772\" src=\"https::\/\/elreporterohgo.com\/noticias\/wp-content\/uploads\/2018\/11\/IMG_0360-300x200.jpg\" alt=\"\" width=\"300\" height=\"200\" srcset=\"https:\/\/elreporterohgo.com\/noticias\/wp-content\/uploads\/2018\/11\/IMG_0360-300x200.jpg 300w, https:\/\/elreporterohgo.com\/noticias\/wp-content\/uploads\/2018\/11\/IMG_0360-768x512.jpg 768w, https:\/\/elreporterohgo.com\/noticias\/wp-content\/uploads\/2018\/11\/IMG_0360-1024x683.jpg 1024w\" sizes=\"(max-width: 300px) 100vw, 300px\" \/><\/a><a href=\"https::\/\/elreporterohgo.com\/noticias\/wp-content\/uploads\/2018\/11\/IMG_0357.jpg\"><img loading=\"lazy\" decoding=\"async\" class=\"alignnone size-medium wp-image-21773\" src=\"https::\/\/elreporterohgo.com\/noticias\/wp-content\/uploads\/2018\/11\/IMG_0357-300x200.jpg\" alt=\"\" width=\"300\" height=\"200\" srcset=\"https:\/\/elreporterohgo.com\/noticias\/wp-content\/uploads\/2018\/11\/IMG_0357-300x200.jpg 300w, https:\/\/elreporterohgo.com\/noticias\/wp-content\/uploads\/2018\/11\/IMG_0357-768x512.jpg 768w, https:\/\/elreporterohgo.com\/noticias\/wp-content\/uploads\/2018\/11\/IMG_0357-1024x683.jpg 1024w\" sizes=\"(max-width: 300px) 100vw, 300px\" \/><\/a><\/p>\n","protected":false},"excerpt":{"rendered":"<p>Inaugurado por alcaldesa \u00c1ngeles Anaya Por Juan Sabino Cruz APAN, Hgo. \u2013 Un velatorio digno y gratuito fue puesto al servicio del pueblo apanense, se ubica a un costado del acceso al pante\u00f3n de la calle Reforma y, la noche de ayer, viernes, fue inaugurado por la alcaldesa \u00c1ngeles Anaya Ortega, mun\u00edcipes y decenas de<\/p>\n","protected":false},"author":2,"featured_media":21769,"comment_status":"open","ping_status":"closed","sticky":false,"template":"","format":"standard","meta":{"footnotes":""},"categories":[10],"tags":[],"class_list":{"0":"post-21767","1":"post","2":"type-post","3":"status-publish","4":"format-standard","5":"has-post-thumbnail","7":"category-hidalgo"},"_links":{"self":[{"href":"https:\/\/elreporterohgo.com\/noticias\/wp-json\/wp\/v2\/posts\/21767","targetHints":{"allow":["GET"]}}],"collection":[{"href":"https:\/\/elreporterohgo.com\/noticias\/wp-json\/wp\/v2\/posts"}],"about":[{"href":"https:\/\/elreporterohgo.com\/noticias\/wp-json\/wp\/v2\/types\/post"}],"author":[{"embeddable":true,"href":"https:\/\/elreporterohgo.com\/noticias\/wp-json\/wp\/v2\/users\/2"}],"replies":[{"embeddable":true,"href":"https:\/\/elreporterohgo.com\/noticias\/wp-json\/wp\/v2\/comments?post=21767"}],"version-history":[{"count":2,"href":"https:\/\/elreporterohgo.com\/noticias\/wp-json\/wp\/v2\/posts\/21767\/revisions"}],"predecessor-version":[{"id":21775,"href":"https:\/\/elreporterohgo.com\/noticias\/wp-json\/wp\/v2\/posts\/21767\/revisions\/21775"}],"wp:featuredmedia":[{"embeddable":true,"href":"https:\/\/elreporterohgo.com\/noticias\/wp-json\/wp\/v2\/media\/21769"}],"wp:attachment":[{"href":"https:\/\/elreporterohgo.com\/noticias\/wp-json\/wp\/v2\/media?parent=21767"}],"wp:term":[{"taxonomy":"category","embeddable":true,"href":"https:\/\/elreporterohgo.com\/noticias\/wp-json\/wp\/v2\/categories?post=21767"},{"taxonomy":"post_tag","embeddable":true,"href":"https:\/\/elreporterohgo.com\/noticias\/wp-json\/wp\/v2\/tags?post=21767"}],"curies":[{"name":"wp","href":"https:\/\/api.w.org\/{rel}","templated":true}]}}