{"id":21395,"date":"2018-10-09T22:07:06","date_gmt":"2018-10-10T03:07:06","guid":{"rendered":"https:\/\/elreporterohgo.com\/noticias\/?p=21395"},"modified":"2018-10-09T22:07:06","modified_gmt":"2018-10-10T03:07:06","slug":"500-millones-para-electrificar-zonas-indigenas","status":"publish","type":"post","link":"https:\/\/elreporterohgo.com\/noticias\/2018\/10\/09\/500-millones-para-electrificar-zonas-indigenas\/","title":{"rendered":"500 millones para electrificar zonas ind\u00edgenas"},"content":{"rendered":"<p>&nbsp;<\/p>\n<p><a href=\"https::\/\/elreporterohgo.com\/noticias\/wp-content\/uploads\/2018\/10\/0\u00bf.jpg\"><img fetchpriority=\"high\" decoding=\"async\" class=\"alignnone size-medium wp-image-21396\" src=\"https::\/\/elreporterohgo.com\/noticias\/wp-content\/uploads\/2018\/10\/0\u00bf-300x183.jpg\" alt=\"\" width=\"300\" height=\"183\" srcset=\"https:\/\/elreporterohgo.com\/noticias\/wp-content\/uploads\/2018\/10\/0\u00bf-300x183.jpg 300w, https:\/\/elreporterohgo.com\/noticias\/wp-content\/uploads\/2018\/10\/0\u00bf-768x468.jpg 768w, https:\/\/elreporterohgo.com\/noticias\/wp-content\/uploads\/2018\/10\/0\u00bf-1024x624.jpg 1024w\" sizes=\"(max-width: 300px) 100vw, 300px\" \/><\/a><a href=\"https::\/\/elreporterohgo.com\/noticias\/wp-content\/uploads\/2018\/10\/01.jpg\"><img decoding=\"async\" class=\"alignnone size-medium wp-image-21397\" src=\"https::\/\/elreporterohgo.com\/noticias\/wp-content\/uploads\/2018\/10\/01-300x204.jpg\" alt=\"\" width=\"300\" height=\"204\" srcset=\"https:\/\/elreporterohgo.com\/noticias\/wp-content\/uploads\/2018\/10\/01-300x204.jpg 300w, https:\/\/elreporterohgo.com\/noticias\/wp-content\/uploads\/2018\/10\/01-768x522.jpg 768w, https:\/\/elreporterohgo.com\/noticias\/wp-content\/uploads\/2018\/10\/01-1024x696.jpg 1024w, https:\/\/elreporterohgo.com\/noticias\/wp-content\/uploads\/2018\/10\/01.jpg 1828w\" sizes=\"(max-width: 300px) 100vw, 300px\" \/><\/a><\/p>\n<p><strong>Atienden a la poblaci\u00f3n marginada<\/strong><\/p>\n<p>Santiago de Anaya, Hgo. &#8211;\u00a0En el Valle del Mezquital, seguiremos trabajando para construir m\u00e1s obras en todas \u00a0las comunidades ind\u00edgenas, porque en mi gobierno, todos los hidalguenses son prioridad, as\u00ed lo expres\u00f3 el gobernador Omar Fayad durante el banderazo de inicio de la ampliaci\u00f3n de la red el\u00e9ctrica de esa regi\u00f3n.<\/p>\n<p>&nbsp;<\/p>\n<p>\u00abEstamos echando a andar obras de electrificaci\u00f3n por el monto m\u00e1s alto que se haya hecho en los \u00faltimos a\u00f1os en Hidalgo\u00bb manifest\u00f3 el mandatario en gira de trabajo por Santiago de Anaya.<\/p>\n<p>&nbsp;<\/p>\n<p>Adem\u00e1s, anunci\u00f3 siete obras m\u00e1s de electrificaci\u00f3n en este municipio, con un beneficio directo para casi 2 mil personas que anteriormente no contaban con el servicio y que representan una inversi\u00f3n cercana a los 15 MDP.<\/p>\n<p>&nbsp;<\/p>\n<p>Se\u00f1al\u00f3 que invertir en obras de electrificaci\u00f3n, es apostarle al desarrollo, pues de esa forma tambi\u00e9n se mejoran las condiciones de vida de las familias; adem\u00e1s reconoci\u00f3 que gracias al apoyo de la Comisi\u00f3n Federal de Electricidad (CFE) fue posible aprovechar las gestiones, as\u00ed como la aplicaci\u00f3n de los recursos<\/p>\n<p>&nbsp;<\/p>\n<p>A dos a\u00f1os de gobierno \u00ablogramos bajar casi 500 MDP para pueblos ind\u00edgenas y zonas marginadas\u00bb,\u00a0 por lo que calific\u00f3 esta gesti\u00f3n como hist\u00f3rica.<\/p>\n<p>&nbsp;<\/p>\n<p>Afirm\u00f3 que con esto, se podr\u00e1n sacar adelante m\u00faltiples proyectos que transforman la vida de municipios y de las comunidades, hecho que denomin\u00f3 como un acto de justicia que beneficia a los que menos tienen, a trav\u00e9s de la dotaci\u00f3n de los servicios b\u00e1sicos.<\/p>\n<p>&nbsp;<\/p>\n<p>Se\u00f1al\u00f3 que a la fecha Hidalgo cuenta con una cobertura del 99.2%, siendo esta superior a la media nacional de 98.6%<\/p>\n<p>&nbsp;<\/p>\n<p>Indic\u00f3 que lo que falta por atender es la etapa m\u00e1s cara y dif\u00edcil debido a que son lugares que cuentan con un dif\u00edcil acceso.<\/p>\n<p>&nbsp;<\/p>\n<p>Ofreci\u00f3 a los presentes acercarse a su gobierno para obtener apoyos para proyectos en materia de agricultura, alimentarios as\u00ed como de financiamiento para impulsar la creaci\u00f3n de nuevas fuentes de empleo.<\/p>\n<p>&nbsp;<\/p>\n<p>Jorge Aldana Camargo presidente municipal de Santiago de Anaya, se\u00f1al\u00f3 que en dos a\u00f1os de su administraci\u00f3n, se han logrado importantes avances en la cobertura de los servicios b\u00e1sicos, a trav\u00e9s de acciones que reflejan el trabajo conjunto de los tres \u00f3rdenes de gobierno.<\/p>\n<p>&nbsp;<\/p>\n<p>Finalmente reconoci\u00f3 las acciones del ejecutivo estatal para reducir las brechas de la desigualdad en la entidad, muestra de esto, es la hist\u00f3rica gesti\u00f3n ante el Fondo Universal El\u00e9ctrico.<\/p>\n","protected":false},"excerpt":{"rendered":"<p>&nbsp; Atienden a la poblaci\u00f3n marginada Santiago de Anaya, Hgo. &#8211;\u00a0En el Valle del Mezquital, seguiremos trabajando para construir m\u00e1s obras en todas \u00a0las comunidades ind\u00edgenas, porque en mi gobierno, todos los hidalguenses son prioridad, as\u00ed lo expres\u00f3 el gobernador Omar Fayad durante el banderazo de inicio de la ampliaci\u00f3n de la red el\u00e9ctrica de<\/p>\n","protected":false},"author":2,"featured_media":21397,"comment_status":"open","ping_status":"closed","sticky":false,"template":"","format":"standard","meta":{"footnotes":""},"categories":[10],"tags":[],"class_list":{"0":"post-21395","1":"post","2":"type-post","3":"status-publish","4":"format-standard","5":"has-post-thumbnail","7":"category-hidalgo"},"_links":{"self":[{"href":"https:\/\/elreporterohgo.com\/noticias\/wp-json\/wp\/v2\/posts\/21395","targetHints":{"allow":["GET"]}}],"collection":[{"href":"https:\/\/elreporterohgo.com\/noticias\/wp-json\/wp\/v2\/posts"}],"about":[{"href":"https:\/\/elreporterohgo.com\/noticias\/wp-json\/wp\/v2\/types\/post"}],"author":[{"embeddable":true,"href":"https:\/\/elreporterohgo.com\/noticias\/wp-json\/wp\/v2\/users\/2"}],"replies":[{"embeddable":true,"href":"https:\/\/elreporterohgo.com\/noticias\/wp-json\/wp\/v2\/comments?post=21395"}],"version-history":[{"count":2,"href":"https:\/\/elreporterohgo.com\/noticias\/wp-json\/wp\/v2\/posts\/21395\/revisions"}],"predecessor-version":[{"id":21399,"href":"https:\/\/elreporterohgo.com\/noticias\/wp-json\/wp\/v2\/posts\/21395\/revisions\/21399"}],"wp:featuredmedia":[{"embeddable":true,"href":"https:\/\/elreporterohgo.com\/noticias\/wp-json\/wp\/v2\/media\/21397"}],"wp:attachment":[{"href":"https:\/\/elreporterohgo.com\/noticias\/wp-json\/wp\/v2\/media?parent=21395"}],"wp:term":[{"taxonomy":"category","embeddable":true,"href":"https:\/\/elreporterohgo.com\/noticias\/wp-json\/wp\/v2\/categories?post=21395"},{"taxonomy":"post_tag","embeddable":true,"href":"https:\/\/elreporterohgo.com\/noticias\/wp-json\/wp\/v2\/tags?post=21395"}],"curies":[{"name":"wp","href":"https:\/\/api.w.org\/{rel}","templated":true}]}}