{"id":21390,"date":"2018-10-09T22:01:26","date_gmt":"2018-10-10T03:01:26","guid":{"rendered":"https:\/\/elreporterohgo.com\/noticias\/?p=21390"},"modified":"2018-10-09T22:01:26","modified_gmt":"2018-10-10T03:01:26","slug":"buscan-prevenir-la-violencia-y-delincuencia-en-hidalgo","status":"publish","type":"post","link":"https:\/\/elreporterohgo.com\/noticias\/2018\/10\/09\/buscan-prevenir-la-violencia-y-delincuencia-en-hidalgo\/","title":{"rendered":"Buscan prevenir la violencia y delincuencia en Hidalgo"},"content":{"rendered":"<p>&nbsp;<\/p>\n<figure id=\"attachment_21392\" aria-describedby=\"caption-attachment-21392\" style=\"width: 200px\" class=\"wp-caption alignnone\"><a href=\"https::\/\/elreporterohgo.com\/noticias\/wp-content\/uploads\/2018\/10\/0ba-1.jpg\"><img fetchpriority=\"high\" decoding=\"async\" class=\"size-medium wp-image-21392\" src=\"https::\/\/elreporterohgo.com\/noticias\/wp-content\/uploads\/2018\/10\/0ba-1-200x300.jpg\" alt=\"\" width=\"200\" height=\"300\" srcset=\"https:\/\/elreporterohgo.com\/noticias\/wp-content\/uploads\/2018\/10\/0ba-1-200x300.jpg 200w, https:\/\/elreporterohgo.com\/noticias\/wp-content\/uploads\/2018\/10\/0ba-1.jpg 299w\" sizes=\"(max-width: 200px) 100vw, 200px\" \/><\/a><figcaption id=\"caption-attachment-21392\" class=\"wp-caption-text\">????????????????????????????????????<\/figcaption><\/figure>\n<p><strong>Mediante la participaci\u00f3n ciudadana<\/strong><\/p>\n<p>Con la participaci\u00f3n de la poblaci\u00f3n, la Secretar\u00eda de Seguridad P\u00fablica de Hidalgo, que encabeza Mauricio Delmar Saavedra, busca prevenir la violencia y la delincuencia en la entidad, adem\u00e1s de fomentar la cultura de la legalidad, por ello celebrar\u00e1 el Foro Estatal de Prevenci\u00f3n Social y Participaci\u00f3n Ciudadana.<\/p>\n<p>De acuerdo con Viridiana Salinas Ram\u00edrez, titular del Centro Estatal de Prevenci\u00f3n Social de la Violencia, la Delincuencia y Participaci\u00f3n Ciudadana, el encuentro se llevar\u00e1 a cabo los pr\u00f3ximos 11 y 12 de octubre en el Instituto de Formaci\u00f3n Profesional de la dependencia estatal, ubicado en Palma Gorda, Mineral de la Reforma.<\/p>\n<p>\u201cQueremos que la ciudadan\u00eda tenga apego a la legalidad, que tenga el fomento a participar de manera coordinada con las instituciones de seguridad y que realice denuncia oportuna para evitar situaciones tan lamentables que se han dado en el pa\u00eds, como la justicia por propia mano\u201d.<\/p>\n<p>La pol\u00edtica del Gobernador Omar Fayad, dijo, ha sido fortalecer la estrategia Hidalgo Seguro no \u00fanicamente con el uso de la tecnolog\u00eda, de la ciencia, de la innovaci\u00f3n, sino tambi\u00e9n mediante el fomento a la participaci\u00f3n de todas y todos, para generar espacios arm\u00f3nicos y para un mejor desarrollo de nuestro estado.<\/p>\n<p>A\u00f1adi\u00f3 que ser\u00e1n cuatro ponentes y organizaciones de renombre, con \u00e9nfasis social, para que la ciudadan\u00eda, con lenguaje ciudadano, comprensible, se sume a las acciones de prevenci\u00f3n al delito:<\/p>\n<p>&#8211; Rafael Ibarra Farf\u00e1n, de M\u00e9xico Unido contra la Delincuencia, con el tema Cultura de la Legalidad.<\/p>\n<p>&#8211; Catalina Aguilar, investigadora del Centro de Estudios de Seguridad y Justicia, con la conferencia de Liderazgo Social y Participaci\u00f3n Ciudadana.<\/p>\n<p>&#8211; Ana Yuria del R\u00edo, miembro del Proyecto Yo Quiero, Yo Puedo, quien hablar\u00e1 sobre Violencia Familiar.<\/p>\n<p>&#8211; Pablo V\u00e1zquez, Director General de Prevenci\u00f3n Social del Delito de la PGR, con ponencia sobre Prevenci\u00f3n Social.<\/p>\n<p>Por ello, invit\u00f3 a la ciudadan\u00eda en general, l\u00edderes vecinales, empresarios, comunidad educativa, a participar en estos trabajos, con registro previo y de manera gratuita.<\/p>\n","protected":false},"excerpt":{"rendered":"<p>&nbsp; Mediante la participaci\u00f3n ciudadana Con la participaci\u00f3n de la poblaci\u00f3n, la Secretar\u00eda de Seguridad P\u00fablica de Hidalgo, que encabeza Mauricio Delmar Saavedra, busca prevenir la violencia y la delincuencia en la entidad, adem\u00e1s de fomentar la cultura de la legalidad, por ello celebrar\u00e1 el Foro Estatal de Prevenci\u00f3n Social y Participaci\u00f3n Ciudadana. De acuerdo<\/p>\n","protected":false},"author":2,"featured_media":21392,"comment_status":"open","ping_status":"closed","sticky":false,"template":"","format":"standard","meta":{"footnotes":""},"categories":[10],"tags":[],"class_list":{"0":"post-21390","1":"post","2":"type-post","3":"status-publish","4":"format-standard","5":"has-post-thumbnail","7":"category-hidalgo"},"_links":{"self":[{"href":"https:\/\/elreporterohgo.com\/noticias\/wp-json\/wp\/v2\/posts\/21390","targetHints":{"allow":["GET"]}}],"collection":[{"href":"https:\/\/elreporterohgo.com\/noticias\/wp-json\/wp\/v2\/posts"}],"about":[{"href":"https:\/\/elreporterohgo.com\/noticias\/wp-json\/wp\/v2\/types\/post"}],"author":[{"embeddable":true,"href":"https:\/\/elreporterohgo.com\/noticias\/wp-json\/wp\/v2\/users\/2"}],"replies":[{"embeddable":true,"href":"https:\/\/elreporterohgo.com\/noticias\/wp-json\/wp\/v2\/comments?post=21390"}],"version-history":[{"count":2,"href":"https:\/\/elreporterohgo.com\/noticias\/wp-json\/wp\/v2\/posts\/21390\/revisions"}],"predecessor-version":[{"id":21394,"href":"https:\/\/elreporterohgo.com\/noticias\/wp-json\/wp\/v2\/posts\/21390\/revisions\/21394"}],"wp:featuredmedia":[{"embeddable":true,"href":"https:\/\/elreporterohgo.com\/noticias\/wp-json\/wp\/v2\/media\/21392"}],"wp:attachment":[{"href":"https:\/\/elreporterohgo.com\/noticias\/wp-json\/wp\/v2\/media?parent=21390"}],"wp:term":[{"taxonomy":"category","embeddable":true,"href":"https:\/\/elreporterohgo.com\/noticias\/wp-json\/wp\/v2\/categories?post=21390"},{"taxonomy":"post_tag","embeddable":true,"href":"https:\/\/elreporterohgo.com\/noticias\/wp-json\/wp\/v2\/tags?post=21390"}],"curies":[{"name":"wp","href":"https:\/\/api.w.org\/{rel}","templated":true}]}}