{"id":19436,"date":"2018-07-26T17:26:14","date_gmt":"2018-07-26T22:26:14","guid":{"rendered":"https:\/\/elreporterohgo.com\/noticias\/?p=19436"},"modified":"2018-07-26T17:26:14","modified_gmt":"2018-07-26T22:26:14","slug":"seguridad-publica-de-apan-realiza-operativo-para-motociclistas","status":"publish","type":"post","link":"https:\/\/elreporterohgo.com\/noticias\/2018\/07\/26\/seguridad-publica-de-apan-realiza-operativo-para-motociclistas\/","title":{"rendered":"Seguridad p\u00fablica de Apan realiza operativo para motociclistas"},"content":{"rendered":"<p><a href=\"https::\/\/elreporterohgo.com\/noticias\/wp-content\/uploads\/2018\/07\/Imagen135.jpg\"><img fetchpriority=\"high\" decoding=\"async\" src=\"https::\/\/elreporterohgo.com\/noticias\/wp-content\/uploads\/2018\/07\/Imagen135-300x200.jpg\" alt=\"\" width=\"300\" height=\"200\" class=\"alignnone size-medium wp-image-19437\" srcset=\"https:\/\/elreporterohgo.com\/noticias\/wp-content\/uploads\/2018\/07\/Imagen135-300x200.jpg 300w, https:\/\/elreporterohgo.com\/noticias\/wp-content\/uploads\/2018\/07\/Imagen135-768x512.jpg 768w, https:\/\/elreporterohgo.com\/noticias\/wp-content\/uploads\/2018\/07\/Imagen135-1024x683.jpg 1024w, https:\/\/elreporterohgo.com\/noticias\/wp-content\/uploads\/2018\/07\/Imagen135.jpg 1687w\" sizes=\"(max-width: 300px) 100vw, 300px\" \/><\/a><\/p>\n<p><a href=\"https::\/\/elreporterohgo.com\/noticias\/wp-content\/uploads\/2018\/07\/Imagen136.jpg\"><img decoding=\"async\" src=\"https::\/\/elreporterohgo.com\/noticias\/wp-content\/uploads\/2018\/07\/Imagen136-300x200.jpg\" alt=\"\" width=\"300\" height=\"200\" class=\"alignnone size-medium wp-image-19438\" srcset=\"https:\/\/elreporterohgo.com\/noticias\/wp-content\/uploads\/2018\/07\/Imagen136-300x200.jpg 300w, https:\/\/elreporterohgo.com\/noticias\/wp-content\/uploads\/2018\/07\/Imagen136-768x512.jpg 768w, https:\/\/elreporterohgo.com\/noticias\/wp-content\/uploads\/2018\/07\/Imagen136-1024x682.jpg 1024w, https:\/\/elreporterohgo.com\/noticias\/wp-content\/uploads\/2018\/07\/Imagen136.jpg 1688w\" sizes=\"(max-width: 300px) 100vw, 300px\" \/><\/a><br \/>\nLa Direcci\u00f3n de Seguridad P\u00fablica y Movilidad de Apan realiz\u00f3 un operativo para motociclistas en distintos puntos del municipio, que de acuerdo a la Ley de V\u00edas de Comunicaci\u00f3n y Tr\u00e1nsito del Estado de Hidalgo, que entr\u00f3 en vigor el d\u00eda 01 de enero del 2018, se revis\u00f3 el uso del casco como medida de prevenci\u00f3n de accidentes; por lo cual se detuvieron a un total de 14 personas que circulaban sin casco protector, ya sea el chofer o su acompa\u00f1ante; as\u00ed como el exceder el n\u00famero de pasajeros autorizados por la tarjeta de circulaci\u00f3n de los veh\u00edculos, tales como, motocicletas, trimotos y cuatrimotos.<br \/>\n\tLa Subdirectora de la DSPM, Virginia Becerra \u00c1vila afirm\u00f3 que \u201cel objetivo de este tipo de operativos es concientizar a la poblaci\u00f3n sobre el uso del casco, ya que en caso de alg\u00fan accidente podr\u00eda ser la diferencia entre la vida y la muerte, adem\u00e1s de que la cultura vial deber\u00e1 ser una de las preocupaciones de los habitantes del municipio\u201d.<br \/>\nIgualmente, los agentes de tr\u00e1nsito dieron varias recomendaciones como: conducir con prudencia, el uso correcto de luces y direccionales, no rebasar por derecha, no utilizar el veh\u00edculo como transporte de carga, utilizar siempre ambos frenos y traer siempre consigo la licencia de manejo, as\u00ed como tarjeta de circulaci\u00f3n.<br \/>\n\tCabe mencionar que la \u00faltima reforma fue publicada en el Peri\u00f3dico Oficial el 2 de Octubre del 2017, en donde se establece que para que una unidad de transporte pueda circular en el Estado de Hidalgo, es obligatorio que cuenten con elementos de identificaci\u00f3n vehicular vigentes, emitidos por los Estados de la Rep\u00fablica o de la Federaci\u00f3n.<\/p>\n","protected":false},"excerpt":{"rendered":"<p>La Direcci\u00f3n de Seguridad P\u00fablica y Movilidad de Apan realiz\u00f3 un operativo para motociclistas en distintos puntos del municipio, que de acuerdo a la Ley de V\u00edas de Comunicaci\u00f3n y Tr\u00e1nsito del Estado de Hidalgo, que entr\u00f3 en vigor el d\u00eda 01 de enero del 2018, se revis\u00f3 el uso del casco como medida de<\/p>\n","protected":false},"author":2,"featured_media":19438,"comment_status":"open","ping_status":"closed","sticky":false,"template":"","format":"standard","meta":{"footnotes":""},"categories":[10],"tags":[],"class_list":{"0":"post-19436","1":"post","2":"type-post","3":"status-publish","4":"format-standard","5":"has-post-thumbnail","7":"category-hidalgo"},"_links":{"self":[{"href":"https:\/\/elreporterohgo.com\/noticias\/wp-json\/wp\/v2\/posts\/19436","targetHints":{"allow":["GET"]}}],"collection":[{"href":"https:\/\/elreporterohgo.com\/noticias\/wp-json\/wp\/v2\/posts"}],"about":[{"href":"https:\/\/elreporterohgo.com\/noticias\/wp-json\/wp\/v2\/types\/post"}],"author":[{"embeddable":true,"href":"https:\/\/elreporterohgo.com\/noticias\/wp-json\/wp\/v2\/users\/2"}],"replies":[{"embeddable":true,"href":"https:\/\/elreporterohgo.com\/noticias\/wp-json\/wp\/v2\/comments?post=19436"}],"version-history":[{"count":2,"href":"https:\/\/elreporterohgo.com\/noticias\/wp-json\/wp\/v2\/posts\/19436\/revisions"}],"predecessor-version":[{"id":19440,"href":"https:\/\/elreporterohgo.com\/noticias\/wp-json\/wp\/v2\/posts\/19436\/revisions\/19440"}],"wp:featuredmedia":[{"embeddable":true,"href":"https:\/\/elreporterohgo.com\/noticias\/wp-json\/wp\/v2\/media\/19438"}],"wp:attachment":[{"href":"https:\/\/elreporterohgo.com\/noticias\/wp-json\/wp\/v2\/media?parent=19436"}],"wp:term":[{"taxonomy":"category","embeddable":true,"href":"https:\/\/elreporterohgo.com\/noticias\/wp-json\/wp\/v2\/categories?post=19436"},{"taxonomy":"post_tag","embeddable":true,"href":"https:\/\/elreporterohgo.com\/noticias\/wp-json\/wp\/v2\/tags?post=19436"}],"curies":[{"name":"wp","href":"https:\/\/api.w.org\/{rel}","templated":true}]}}