{"id":19063,"date":"2018-07-16T20:48:07","date_gmt":"2018-07-17T01:48:07","guid":{"rendered":"https:\/\/elreporterohgo.com\/noticias\/?p=19063"},"modified":"2018-07-16T20:48:07","modified_gmt":"2018-07-17T01:48:07","slug":"huertos-escolares-en-preescolares","status":"publish","type":"post","link":"https:\/\/elreporterohgo.com\/noticias\/2018\/07\/16\/huertos-escolares-en-preescolares\/","title":{"rendered":"Huertos escolares en preescolares"},"content":{"rendered":"<p><a href=\"https::\/\/elreporterohgo.com\/noticias\/wp-content\/uploads\/2018\/07\/Huertos-1.jpeg\"><img fetchpriority=\"high\" decoding=\"async\" src=\"https::\/\/elreporterohgo.com\/noticias\/wp-content\/uploads\/2018\/07\/Huertos-1-300x225.jpeg\" alt=\"\" width=\"300\" height=\"225\" class=\"alignnone size-medium wp-image-19064\" srcset=\"https:\/\/elreporterohgo.com\/noticias\/wp-content\/uploads\/2018\/07\/Huertos-1-300x225.jpeg 300w, https:\/\/elreporterohgo.com\/noticias\/wp-content\/uploads\/2018\/07\/Huertos-1-768x576.jpeg 768w, https:\/\/elreporterohgo.com\/noticias\/wp-content\/uploads\/2018\/07\/Huertos-1.jpeg 1024w\" sizes=\"(max-width: 300px) 100vw, 300px\" \/><\/a><br \/>\nMINERAL DE LA REFORMA, Hgo.- El gobierno municipal de Mineral de la Reforma, a trav\u00e9s de su secretar\u00eda de desarrollo humano y social y con apoyo de la Asociaci\u00f3n Civil Construyendo Esperanzas, impuls\u00f3 la generaci\u00f3n de huertos escolares en preescolares  y primarias del municipio.<br \/>\nCon el objetivo de que ni\u00f1as y ni\u00f1os participen con acciones integrales de gesti\u00f3n ambiental y h\u00e1bitos alimenticios  saludables, adquiriendo conocimientos en producci\u00f3n de alimentos de origen vegetal y sistemas de captaci\u00f3n de lluvia con la elaboraci\u00f3n de huertos de tipo mosaico hort\u00edcola. A trav\u00e9s de conferencias donde destaca la participaci\u00f3n de  padres de familia.<br \/>\nCesar Aurelio Monroy Vega, secretario de desarrollo humano y social en Mineral de la Reforma, al respecto coment\u00f3.- \u201cEn Mineral de la Reforma, creemos que la ni\u00f1ez juega un papel muy importante en cuanto al cuidado del medio ambiente y la sustentabilidad, es por eso que el alcalde Ra\u00fal Camacho Ba\u00f1os, impulsa esta idea  que encamina a los planteles escolares de preescolar y primarias a convertirse a escuelas verdes\u201d.<br \/>\nAgradeci\u00f3 tambi\u00e9n la participaci\u00f3n del regidor H\u00e9ctor Anaya Ballesteros en quien reconoci\u00f3 su inter\u00e9s por contribuir en estas acciones  de concientizaci\u00f3n ambiental y sana alimentaci\u00f3n. Adem\u00e1s de agradecer a las instituciones educativas.- \u201cEs importante que a las nuevas generaciones, les  resulte cotidiano el cuidado de  las  plantas y ecosistemas que sirvan para el autoconsumo, y es justo en las escuelas  donde nos encontramos con factores favorables  para arraigar este proyecto de escuela verde\u201d.<br \/>\nFue as\u00ed que durante el ciclo escolar 2017-2018 se logr\u00f3 la intervenci\u00f3n en 10 preescolares de la zona escolar 48 logrando beneficiar a 1,053 alumnos; los preescolares fueron los siguientes: \u201cJos\u00e9 Ma. Vigil\u201d, \u201cFernando Montos de Oca\u201d, \u201cKoneyoltsin\u201d, \u201cFelipe Neri Chac\u00f3n\u201d,  \u201cBaltazar T\u00e9llez Gir\u00f3n\u201d, \u201cLa Paz Mundial\u201d, \u201cJos\u00e9 Mart\u00ednez Ru\u00edz\u201d, \u201cEva Rivero Nava\u201d, \u201cLuis Rom\u00e1n Lara Ramos\u201d, \u201cJosefa Ortiz de Dom\u00ednguez\u201d. Adem\u00e1s del  CAIC Colinas de Plata y la escuela primaria \u201cItzamna\u201d del Fraccionamiento Los Tuzos, con la participaci\u00f3n de 750 alumnos m\u00e1s. Se pretende que el siguiente ciclo escolar se trabaje en m\u00e1s plateles educativos.  <\/p>\n","protected":false},"excerpt":{"rendered":"<p>MINERAL DE LA REFORMA, Hgo.- El gobierno municipal de Mineral de la Reforma, a trav\u00e9s de su secretar\u00eda de desarrollo humano y social y con apoyo de la Asociaci\u00f3n Civil Construyendo Esperanzas, impuls\u00f3 la generaci\u00f3n de huertos escolares en preescolares y primarias del municipio. Con el objetivo de que ni\u00f1as y ni\u00f1os participen con acciones<\/p>\n","protected":false},"author":2,"featured_media":19064,"comment_status":"open","ping_status":"closed","sticky":false,"template":"","format":"standard","meta":{"footnotes":""},"categories":[10],"tags":[],"class_list":{"0":"post-19063","1":"post","2":"type-post","3":"status-publish","4":"format-standard","5":"has-post-thumbnail","7":"category-hidalgo"},"_links":{"self":[{"href":"https:\/\/elreporterohgo.com\/noticias\/wp-json\/wp\/v2\/posts\/19063","targetHints":{"allow":["GET"]}}],"collection":[{"href":"https:\/\/elreporterohgo.com\/noticias\/wp-json\/wp\/v2\/posts"}],"about":[{"href":"https:\/\/elreporterohgo.com\/noticias\/wp-json\/wp\/v2\/types\/post"}],"author":[{"embeddable":true,"href":"https:\/\/elreporterohgo.com\/noticias\/wp-json\/wp\/v2\/users\/2"}],"replies":[{"embeddable":true,"href":"https:\/\/elreporterohgo.com\/noticias\/wp-json\/wp\/v2\/comments?post=19063"}],"version-history":[{"count":2,"href":"https:\/\/elreporterohgo.com\/noticias\/wp-json\/wp\/v2\/posts\/19063\/revisions"}],"predecessor-version":[{"id":19066,"href":"https:\/\/elreporterohgo.com\/noticias\/wp-json\/wp\/v2\/posts\/19063\/revisions\/19066"}],"wp:featuredmedia":[{"embeddable":true,"href":"https:\/\/elreporterohgo.com\/noticias\/wp-json\/wp\/v2\/media\/19064"}],"wp:attachment":[{"href":"https:\/\/elreporterohgo.com\/noticias\/wp-json\/wp\/v2\/media?parent=19063"}],"wp:term":[{"taxonomy":"category","embeddable":true,"href":"https:\/\/elreporterohgo.com\/noticias\/wp-json\/wp\/v2\/categories?post=19063"},{"taxonomy":"post_tag","embeddable":true,"href":"https:\/\/elreporterohgo.com\/noticias\/wp-json\/wp\/v2\/tags?post=19063"}],"curies":[{"name":"wp","href":"https:\/\/api.w.org\/{rel}","templated":true}]}}