{"id":19056,"date":"2018-07-16T20:35:49","date_gmt":"2018-07-17T01:35:49","guid":{"rendered":"https:\/\/elreporterohgo.com\/noticias\/?p=19056"},"modified":"2018-07-16T20:35:49","modified_gmt":"2018-07-17T01:35:49","slug":"inauguracion-de-la-semana-de-formacion-empresarial","status":"publish","type":"post","link":"https:\/\/elreporterohgo.com\/noticias\/2018\/07\/16\/inauguracion-de-la-semana-de-formacion-empresarial\/","title":{"rendered":"Inauguraci\u00f3n de la Semana de Formaci\u00f3n Empresarial"},"content":{"rendered":"<p><a href=\"https::\/\/elreporterohgo.com\/noticias\/wp-content\/uploads\/2018\/07\/WhatsApp-Image-2018-07-16-at-17.09.47.jpeg\"><img fetchpriority=\"high\" decoding=\"async\" src=\"https::\/\/elreporterohgo.com\/noticias\/wp-content\/uploads\/2018\/07\/WhatsApp-Image-2018-07-16-at-17.09.47-300x169.jpeg\" alt=\"\" width=\"300\" height=\"169\" class=\"alignnone size-medium wp-image-19057\" srcset=\"https:\/\/elreporterohgo.com\/noticias\/wp-content\/uploads\/2018\/07\/WhatsApp-Image-2018-07-16-at-17.09.47-300x169.jpeg 300w, https:\/\/elreporterohgo.com\/noticias\/wp-content\/uploads\/2018\/07\/WhatsApp-Image-2018-07-16-at-17.09.47-768x431.jpeg 768w, https:\/\/elreporterohgo.com\/noticias\/wp-content\/uploads\/2018\/07\/WhatsApp-Image-2018-07-16-at-17.09.47-1024x575.jpeg 1024w, https:\/\/elreporterohgo.com\/noticias\/wp-content\/uploads\/2018\/07\/WhatsApp-Image-2018-07-16-at-17.09.47.jpeg 1280w\" sizes=\"(max-width: 300px) 100vw, 300px\" \/><\/a><a href=\"https::\/\/elreporterohgo.com\/noticias\/wp-content\/uploads\/2018\/07\/WhatsApp-Image-2018-07-16-at-17.09.43.jpeg\"><img decoding=\"async\" src=\"https::\/\/elreporterohgo.com\/noticias\/wp-content\/uploads\/2018\/07\/WhatsApp-Image-2018-07-16-at-17.09.43-300x169.jpeg\" alt=\"\" width=\"300\" height=\"169\" class=\"alignnone size-medium wp-image-19058\" srcset=\"https:\/\/elreporterohgo.com\/noticias\/wp-content\/uploads\/2018\/07\/WhatsApp-Image-2018-07-16-at-17.09.43-300x169.jpeg 300w, https:\/\/elreporterohgo.com\/noticias\/wp-content\/uploads\/2018\/07\/WhatsApp-Image-2018-07-16-at-17.09.43-768x431.jpeg 768w, https:\/\/elreporterohgo.com\/noticias\/wp-content\/uploads\/2018\/07\/WhatsApp-Image-2018-07-16-at-17.09.43-1024x575.jpeg 1024w, https:\/\/elreporterohgo.com\/noticias\/wp-content\/uploads\/2018\/07\/WhatsApp-Image-2018-07-16-at-17.09.43.jpeg 1280w\" sizes=\"(max-width: 300px) 100vw, 300px\" \/><\/a><a href=\"https::\/\/elreporterohgo.com\/noticias\/wp-content\/uploads\/2018\/07\/WhatsApp-Image-2018-07-16-at-17.09.46.jpeg\"><img decoding=\"async\" src=\"https::\/\/elreporterohgo.com\/noticias\/wp-content\/uploads\/2018\/07\/WhatsApp-Image-2018-07-16-at-17.09.46-300x169.jpeg\" alt=\"\" width=\"300\" height=\"169\" class=\"alignnone size-medium wp-image-19059\" srcset=\"https:\/\/elreporterohgo.com\/noticias\/wp-content\/uploads\/2018\/07\/WhatsApp-Image-2018-07-16-at-17.09.46-300x169.jpeg 300w, https:\/\/elreporterohgo.com\/noticias\/wp-content\/uploads\/2018\/07\/WhatsApp-Image-2018-07-16-at-17.09.46-768x431.jpeg 768w, https:\/\/elreporterohgo.com\/noticias\/wp-content\/uploads\/2018\/07\/WhatsApp-Image-2018-07-16-at-17.09.46-1024x575.jpeg 1024w, https:\/\/elreporterohgo.com\/noticias\/wp-content\/uploads\/2018\/07\/WhatsApp-Image-2018-07-16-at-17.09.46.jpeg 1280w\" sizes=\"(max-width: 300px) 100vw, 300px\" \/><\/a><a href=\"https::\/\/elreporterohgo.com\/noticias\/wp-content\/uploads\/2018\/07\/WhatsApp-Image-2018-07-16-at-17.09.46-1.jpeg\"><img loading=\"lazy\" decoding=\"async\" src=\"https::\/\/elreporterohgo.com\/noticias\/wp-content\/uploads\/2018\/07\/WhatsApp-Image-2018-07-16-at-17.09.46-1-300x139.jpeg\" alt=\"\" width=\"300\" height=\"139\" class=\"alignnone size-medium wp-image-19060\" srcset=\"https:\/\/elreporterohgo.com\/noticias\/wp-content\/uploads\/2018\/07\/WhatsApp-Image-2018-07-16-at-17.09.46-1-300x139.jpeg 300w, https:\/\/elreporterohgo.com\/noticias\/wp-content\/uploads\/2018\/07\/WhatsApp-Image-2018-07-16-at-17.09.46-1-768x356.jpeg 768w, https:\/\/elreporterohgo.com\/noticias\/wp-content\/uploads\/2018\/07\/WhatsApp-Image-2018-07-16-at-17.09.46-1-1024x475.jpeg 1024w, https:\/\/elreporterohgo.com\/noticias\/wp-content\/uploads\/2018\/07\/WhatsApp-Image-2018-07-16-at-17.09.46-1.jpeg 1240w\" sizes=\"(max-width: 300px) 100vw, 300px\" \/><\/a><br \/>\nFue todo un \u00e9xito<br \/>\nTEPEAPULCO, Hgo. &#8211; Acompa\u00f1ado por autoridades federales, estatales, miembros del Ayuntamiento y representantes del sector empresarial, el alcalde de Tepeapulco, Jos\u00e9 Alfonso Delgadillo L\u00f3pez, llev\u00f3 a cabo la inauguraci\u00f3n de la Semana de Formaci\u00f3n Empresarial que imparte Nafin por medio de su oficina m\u00f3vil, que se ubic\u00f3 en la Plaza \u201cRodrigo G\u00f3mez\u201d en Cd. Sahag\u00fan.<br \/>\nEl Mtro. Luis Enrique Rivera Fregoso, director de desarrollo econ\u00f3mico municipal, dio la bienvenida a los asistentes a este evento protocolario y aprovech\u00f3 para reiterar la invitaci\u00f3n a la ciudadan\u00eda interesada de \u00e9ste y de otros municipios de la regi\u00f3n a participar y aprovechar este programa de formaci\u00f3n empresarial.<br \/>\nEn el evento, se cont\u00f3 con la presencia del licenciado Ra\u00fal Delgado \u00c1vila, representante de Nacional Financiera (Nafin), quien subray\u00f3 que est\u00e1 Unidad M\u00f3vil est\u00e1 equipada con comodidades y tecnolog\u00eda a manera de aula para la capacitaci\u00f3n empresarial por medio de asesores, en temas como apertura de cr\u00e9ditos para nuevos negocios.<br \/>\nEn esta semana se abordar\u00e1n varios cursos sobre c\u00f3mo promover productos y servicios, plan de negocios, entre otras tem\u00e1ticas con el \u00e1nimo de incrementar la productividad de las empresas peque\u00f1as.<br \/>\nCon la representaci\u00f3n de la Lic. Mar\u00eda de los \u00c1ngeles Eguiluz Tapia, Secretaria del Trabajo y Previsi\u00f3n Social, acudi\u00f3 a este evento la Directora General del Servicio Nacional de Empleo de Hidalgo, Guadalupe Sarai. Mar\u00edn Hern\u00e1ndez; as\u00ed mismo acudi\u00f3 la delegada federal del Instituto Nacional de Econom\u00eda Social, Mar\u00eda Teresa L\u00f3pez P\u00e9rez, quienes convocaron a los emprendedores a disponer de estos cursos y asesor\u00edas que Nafin acerca a esta zona.<br \/>\nEn su mensaje el ingeniero Alfonso Delgadillo, mencion\u00f3 que es el tercer a\u00f1o consecutivo que estas capacitaciones se llevar\u00e1n a cabo y son totalmente gratuitas; se brindar\u00e1n asesor\u00edas personalizadas para aquellas personas que quieren aperturar un negocio o consolidarlo, todo esto para continuar acercando las herramientas necesarias a los emprendedores de la regi\u00f3n y el municipio. <\/p>\n","protected":false},"excerpt":{"rendered":"<p>Fue todo un \u00e9xito TEPEAPULCO, Hgo. &#8211; Acompa\u00f1ado por autoridades federales, estatales, miembros del Ayuntamiento y representantes del sector empresarial, el alcalde de Tepeapulco, Jos\u00e9 Alfonso Delgadillo L\u00f3pez, llev\u00f3 a cabo la inauguraci\u00f3n de la Semana de Formaci\u00f3n Empresarial que imparte Nafin por medio de su oficina m\u00f3vil, que se ubic\u00f3 en la Plaza \u201cRodrigo<\/p>\n","protected":false},"author":2,"featured_media":19057,"comment_status":"open","ping_status":"closed","sticky":false,"template":"","format":"standard","meta":{"footnotes":""},"categories":[10],"tags":[],"class_list":{"0":"post-19056","1":"post","2":"type-post","3":"status-publish","4":"format-standard","5":"has-post-thumbnail","7":"category-hidalgo"},"_links":{"self":[{"href":"https:\/\/elreporterohgo.com\/noticias\/wp-json\/wp\/v2\/posts\/19056","targetHints":{"allow":["GET"]}}],"collection":[{"href":"https:\/\/elreporterohgo.com\/noticias\/wp-json\/wp\/v2\/posts"}],"about":[{"href":"https:\/\/elreporterohgo.com\/noticias\/wp-json\/wp\/v2\/types\/post"}],"author":[{"embeddable":true,"href":"https:\/\/elreporterohgo.com\/noticias\/wp-json\/wp\/v2\/users\/2"}],"replies":[{"embeddable":true,"href":"https:\/\/elreporterohgo.com\/noticias\/wp-json\/wp\/v2\/comments?post=19056"}],"version-history":[{"count":2,"href":"https:\/\/elreporterohgo.com\/noticias\/wp-json\/wp\/v2\/posts\/19056\/revisions"}],"predecessor-version":[{"id":19062,"href":"https:\/\/elreporterohgo.com\/noticias\/wp-json\/wp\/v2\/posts\/19056\/revisions\/19062"}],"wp:featuredmedia":[{"embeddable":true,"href":"https:\/\/elreporterohgo.com\/noticias\/wp-json\/wp\/v2\/media\/19057"}],"wp:attachment":[{"href":"https:\/\/elreporterohgo.com\/noticias\/wp-json\/wp\/v2\/media?parent=19056"}],"wp:term":[{"taxonomy":"category","embeddable":true,"href":"https:\/\/elreporterohgo.com\/noticias\/wp-json\/wp\/v2\/categories?post=19056"},{"taxonomy":"post_tag","embeddable":true,"href":"https:\/\/elreporterohgo.com\/noticias\/wp-json\/wp\/v2\/tags?post=19056"}],"curies":[{"name":"wp","href":"https:\/\/api.w.org\/{rel}","templated":true}]}}