{"id":19052,"date":"2018-07-16T18:17:32","date_gmt":"2018-07-16T23:17:32","guid":{"rendered":"https:\/\/elreporterohgo.com\/noticias\/?p=19052"},"modified":"2018-07-16T18:17:32","modified_gmt":"2018-07-16T23:17:32","slug":"mancillo-a-chiquilla-de-14-anos","status":"publish","type":"post","link":"https:\/\/elreporterohgo.com\/noticias\/2018\/07\/16\/mancillo-a-chiquilla-de-14-anos\/","title":{"rendered":"Mancill\u00f3 a chiquilla de 14 a\u00f1os"},"content":{"rendered":"<p><a href=\"https::\/\/elreporterohgo.com\/noticias\/wp-content\/uploads\/2018\/07\/REBS.jpeg\"><img fetchpriority=\"high\" decoding=\"async\" src=\"https::\/\/elreporterohgo.com\/noticias\/wp-content\/uploads\/2018\/07\/REBS-300x300.jpeg\" alt=\"\" width=\"300\" height=\"300\" class=\"alignnone size-medium wp-image-19053\" srcset=\"https:\/\/elreporterohgo.com\/noticias\/wp-content\/uploads\/2018\/07\/REBS-300x300.jpeg 300w, https:\/\/elreporterohgo.com\/noticias\/wp-content\/uploads\/2018\/07\/REBS-150x150.jpeg 150w, https:\/\/elreporterohgo.com\/noticias\/wp-content\/uploads\/2018\/07\/REBS-768x766.jpeg 768w, https:\/\/elreporterohgo.com\/noticias\/wp-content\/uploads\/2018\/07\/REBS-1024x1021.jpeg 1024w, https:\/\/elreporterohgo.com\/noticias\/wp-content\/uploads\/2018\/07\/REBS-160x160.jpeg 160w, https:\/\/elreporterohgo.com\/noticias\/wp-content\/uploads\/2018\/07\/REBS.jpeg 1280w\" sizes=\"(max-width: 300px) 100vw, 300px\" \/><\/a><br \/>\nTULA Hgo.- A trav\u00e9s de la Subprocuradur\u00eda de Derechos Humanos y Servicios a la Comunidad, la Procuradur\u00eda General de Justicia del Estado de Hidalgo (PGJEH), obtuvo la vinculaci\u00f3n a proceso de un hombre por su presunta participaci\u00f3n en el delito de violaci\u00f3n equiparada.<br \/>\nLos hechos que son materia de la imputaci\u00f3n en contra de R.E.B.S., de 22 a\u00f1os de edad, ocurrieron en Tula, mientras la v\u00edctima de 14 a\u00f1os de edad comenz\u00f3 una relaci\u00f3n de noviazgo con el ahora imputado y derivado de dicho v\u00ednculo, se presume que sostuvieron relaciones sexuales, por lo que se investiga la posible comisi\u00f3n del delito antes citado.<br \/>\nDerivado de lo anterior, familiares de la agraviada, acudieron ante esta Procuradur\u00eda para iniciar su carpeta de investigaci\u00f3n correspondiente y el agente del Ministerio P\u00fablico especializado en justicia para adolescentes adscrito a la Subprocuradur\u00eda de Derechos Humanos y Servicios a la Comunidad comenz\u00f3 a integrar dicha carpeta.<br \/>\nEsta representaci\u00f3n social se alleg\u00f3 de algunos indicios y con base en ellos fue solicitada la orden de aprehensi\u00f3n en contra del presunto, misma que fue librada por el Juez de control y posteriormente cumplimentada por agentes de la Direcci\u00f3n General de la Polic\u00eda Investigadora de la PGJEH.<br \/>\nEl presunto, identificado como R.E.B.S., fue presentado ante el Juez de control y en audiencia inicial se acogi\u00f3 a la duplicidad del plazo constitucional de 144 horas; en ese momento la autoridad judicial impuso como medida cautelar la prisi\u00f3n preventiva oficiosa por dos a\u00f1os.<br \/>\nDurante la continuaci\u00f3n de la audiencia, el Juez de Control dict\u00f3 la vinculaci\u00f3n a proceso por el delito de violaci\u00f3n equiparada, en agravio de una adolescente, otorgando dos meses como plazo de investigaci\u00f3n complementaria.<\/p>\n","protected":false},"excerpt":{"rendered":"<p>TULA Hgo.- A trav\u00e9s de la Subprocuradur\u00eda de Derechos Humanos y Servicios a la Comunidad, la Procuradur\u00eda General de Justicia del Estado de Hidalgo (PGJEH), obtuvo la vinculaci\u00f3n a proceso de un hombre por su presunta participaci\u00f3n en el delito de violaci\u00f3n equiparada. Los hechos que son materia de la imputaci\u00f3n en contra de R.E.B.S.,<\/p>\n","protected":false},"author":2,"featured_media":19053,"comment_status":"open","ping_status":"closed","sticky":false,"template":"","format":"standard","meta":{"footnotes":""},"categories":[10],"tags":[],"class_list":{"0":"post-19052","1":"post","2":"type-post","3":"status-publish","4":"format-standard","5":"has-post-thumbnail","7":"category-hidalgo"},"_links":{"self":[{"href":"https:\/\/elreporterohgo.com\/noticias\/wp-json\/wp\/v2\/posts\/19052","targetHints":{"allow":["GET"]}}],"collection":[{"href":"https:\/\/elreporterohgo.com\/noticias\/wp-json\/wp\/v2\/posts"}],"about":[{"href":"https:\/\/elreporterohgo.com\/noticias\/wp-json\/wp\/v2\/types\/post"}],"author":[{"embeddable":true,"href":"https:\/\/elreporterohgo.com\/noticias\/wp-json\/wp\/v2\/users\/2"}],"replies":[{"embeddable":true,"href":"https:\/\/elreporterohgo.com\/noticias\/wp-json\/wp\/v2\/comments?post=19052"}],"version-history":[{"count":2,"href":"https:\/\/elreporterohgo.com\/noticias\/wp-json\/wp\/v2\/posts\/19052\/revisions"}],"predecessor-version":[{"id":19055,"href":"https:\/\/elreporterohgo.com\/noticias\/wp-json\/wp\/v2\/posts\/19052\/revisions\/19055"}],"wp:featuredmedia":[{"embeddable":true,"href":"https:\/\/elreporterohgo.com\/noticias\/wp-json\/wp\/v2\/media\/19053"}],"wp:attachment":[{"href":"https:\/\/elreporterohgo.com\/noticias\/wp-json\/wp\/v2\/media?parent=19052"}],"wp:term":[{"taxonomy":"category","embeddable":true,"href":"https:\/\/elreporterohgo.com\/noticias\/wp-json\/wp\/v2\/categories?post=19052"},{"taxonomy":"post_tag","embeddable":true,"href":"https:\/\/elreporterohgo.com\/noticias\/wp-json\/wp\/v2\/tags?post=19052"}],"curies":[{"name":"wp","href":"https:\/\/api.w.org\/{rel}","templated":true}]}}