{"id":18887,"date":"2018-07-04T14:11:04","date_gmt":"2018-07-04T19:11:04","guid":{"rendered":"https:\/\/elreporterohgo.com\/noticias\/?p=18887"},"modified":"2018-07-04T14:11:05","modified_gmt":"2018-07-04T19:11:05","slug":"actividad-en-el-magisterio","status":"publish","type":"post","link":"https:\/\/elreporterohgo.com\/noticias\/2018\/07\/04\/actividad-en-el-magisterio\/","title":{"rendered":"Actividad en el magisterio"},"content":{"rendered":"<p><a href=\"https::\/\/elreporterohgo.com\/noticias\/wp-content\/uploads\/2018\/07\/19225731_1812268839087640_8901026580227104792_n.jpg\"><img fetchpriority=\"high\" decoding=\"async\" src=\"https::\/\/elreporterohgo.com\/noticias\/wp-content\/uploads\/2018\/07\/19225731_1812268839087640_8901026580227104792_n-300x300.jpg\" alt=\"\" width=\"300\" height=\"300\" class=\"alignnone size-medium wp-image-18888\" srcset=\"https:\/\/elreporterohgo.com\/noticias\/wp-content\/uploads\/2018\/07\/19225731_1812268839087640_8901026580227104792_n-300x300.jpg 300w, https:\/\/elreporterohgo.com\/noticias\/wp-content\/uploads\/2018\/07\/19225731_1812268839087640_8901026580227104792_n-150x150.jpg 150w, https:\/\/elreporterohgo.com\/noticias\/wp-content\/uploads\/2018\/07\/19225731_1812268839087640_8901026580227104792_n-768x766.jpg 768w, https:\/\/elreporterohgo.com\/noticias\/wp-content\/uploads\/2018\/07\/19225731_1812268839087640_8901026580227104792_n-160x160.jpg 160w, https:\/\/elreporterohgo.com\/noticias\/wp-content\/uploads\/2018\/07\/19225731_1812268839087640_8901026580227104792_n.jpg 960w\" sizes=\"(max-width: 300px) 100vw, 300px\" \/><\/a><br \/>\nCuando los maestros necesitaron que defendieran su plaza base , alg\u00fan legislador federal tuvo el valor , la gallard\u00eda , la dignidad , memoria o verg\u00fcenza para enfrentar debate ???<br \/>\nPues ahora nadie se sorprenda : NINGUN TRAIDOR AL MAGISTERIO SERA DIPUTADO FEDERAL !!!<br \/>\nFUERA JUAN DIAZ DE LA TORRE !!<br \/>\nVIVA EL MAGISTERIO NACIONAL !<br \/>\n(Mois\u00e9s Jim\u00e9nez)<\/p>\n","protected":false},"excerpt":{"rendered":"<p>Cuando los maestros necesitaron que defendieran su plaza base , alg\u00fan legislador federal tuvo el valor , la gallard\u00eda , la dignidad , memoria o verg\u00fcenza para enfrentar debate ??? Pues ahora nadie se sorprenda : NINGUN TRAIDOR AL MAGISTERIO SERA DIPUTADO FEDERAL !!! FUERA JUAN DIAZ DE LA TORRE !! VIVA EL MAGISTERIO NACIONAL<\/p>\n","protected":false},"author":2,"featured_media":18888,"comment_status":"open","ping_status":"closed","sticky":false,"template":"","format":"standard","meta":{"footnotes":""},"categories":[10],"tags":[],"class_list":{"0":"post-18887","1":"post","2":"type-post","3":"status-publish","4":"format-standard","5":"has-post-thumbnail","7":"category-hidalgo"},"_links":{"self":[{"href":"https:\/\/elreporterohgo.com\/noticias\/wp-json\/wp\/v2\/posts\/18887","targetHints":{"allow":["GET"]}}],"collection":[{"href":"https:\/\/elreporterohgo.com\/noticias\/wp-json\/wp\/v2\/posts"}],"about":[{"href":"https:\/\/elreporterohgo.com\/noticias\/wp-json\/wp\/v2\/types\/post"}],"author":[{"embeddable":true,"href":"https:\/\/elreporterohgo.com\/noticias\/wp-json\/wp\/v2\/users\/2"}],"replies":[{"embeddable":true,"href":"https:\/\/elreporterohgo.com\/noticias\/wp-json\/wp\/v2\/comments?post=18887"}],"version-history":[{"count":2,"href":"https:\/\/elreporterohgo.com\/noticias\/wp-json\/wp\/v2\/posts\/18887\/revisions"}],"predecessor-version":[{"id":18890,"href":"https:\/\/elreporterohgo.com\/noticias\/wp-json\/wp\/v2\/posts\/18887\/revisions\/18890"}],"wp:featuredmedia":[{"embeddable":true,"href":"https:\/\/elreporterohgo.com\/noticias\/wp-json\/wp\/v2\/media\/18888"}],"wp:attachment":[{"href":"https:\/\/elreporterohgo.com\/noticias\/wp-json\/wp\/v2\/media?parent=18887"}],"wp:term":[{"taxonomy":"category","embeddable":true,"href":"https:\/\/elreporterohgo.com\/noticias\/wp-json\/wp\/v2\/categories?post=18887"},{"taxonomy":"post_tag","embeddable":true,"href":"https:\/\/elreporterohgo.com\/noticias\/wp-json\/wp\/v2\/tags?post=18887"}],"curies":[{"name":"wp","href":"https:\/\/api.w.org\/{rel}","templated":true}]}}