{"id":18638,"date":"2018-06-23T08:16:11","date_gmt":"2018-06-23T13:16:11","guid":{"rendered":"https:\/\/elreporterohgo.com\/noticias\/?p=18638"},"modified":"2018-06-23T08:16:11","modified_gmt":"2018-06-23T13:16:11","slug":"aparatoso-accidente-de-transito","status":"publish","type":"post","link":"https:\/\/elreporterohgo.com\/noticias\/2018\/06\/23\/aparatoso-accidente-de-transito\/","title":{"rendered":"Aparatoso accidente de tr\u00e1nsito"},"content":{"rendered":"<p><a href=\"https::\/\/elreporterohgo.com\/noticias\/wp-content\/uploads\/2018\/06\/IMG-20180622-WA0029-1.jpg\"><img fetchpriority=\"high\" decoding=\"async\" src=\"https::\/\/elreporterohgo.com\/noticias\/wp-content\/uploads\/2018\/06\/IMG-20180622-WA0029-1-300x232.jpg\" alt=\"\" width=\"300\" height=\"232\" class=\"alignnone size-medium wp-image-18639\" srcset=\"https:\/\/elreporterohgo.com\/noticias\/wp-content\/uploads\/2018\/06\/IMG-20180622-WA0029-1-300x232.jpg 300w, https:\/\/elreporterohgo.com\/noticias\/wp-content\/uploads\/2018\/06\/IMG-20180622-WA0029-1.jpg 720w\" sizes=\"(max-width: 300px) 100vw, 300px\" \/><\/a><a href=\"https::\/\/elreporterohgo.com\/noticias\/wp-content\/uploads\/2018\/06\/IMG-20180622-WA0027-1.jpg\"><img decoding=\"async\" src=\"https::\/\/elreporterohgo.com\/noticias\/wp-content\/uploads\/2018\/06\/IMG-20180622-WA0027-1-300x218.jpg\" alt=\"\" width=\"300\" height=\"218\" class=\"alignnone size-medium wp-image-18640\" srcset=\"https:\/\/elreporterohgo.com\/noticias\/wp-content\/uploads\/2018\/06\/IMG-20180622-WA0027-1-300x218.jpg 300w, https:\/\/elreporterohgo.com\/noticias\/wp-content\/uploads\/2018\/06\/IMG-20180622-WA0027-1.jpg 720w\" sizes=\"(max-width: 300px) 100vw, 300px\" \/><\/a><a href=\"https::\/\/elreporterohgo.com\/noticias\/wp-content\/uploads\/2018\/06\/IMG-20180622-WA0030.jpg\"><img decoding=\"async\" src=\"https::\/\/elreporterohgo.com\/noticias\/wp-content\/uploads\/2018\/06\/IMG-20180622-WA0030-300x169.jpg\" alt=\"\" width=\"300\" height=\"169\" class=\"alignnone size-medium wp-image-18641\" srcset=\"https:\/\/elreporterohgo.com\/noticias\/wp-content\/uploads\/2018\/06\/IMG-20180622-WA0030-300x169.jpg 300w, https:\/\/elreporterohgo.com\/noticias\/wp-content\/uploads\/2018\/06\/IMG-20180622-WA0030-768x432.jpg 768w, https:\/\/elreporterohgo.com\/noticias\/wp-content\/uploads\/2018\/06\/IMG-20180622-WA0030-1024x576.jpg 1024w, https:\/\/elreporterohgo.com\/noticias\/wp-content\/uploads\/2018\/06\/IMG-20180622-WA0030.jpg 1280w\" sizes=\"(max-width: 300px) 100vw, 300px\" \/><\/a><a href=\"https::\/\/elreporterohgo.com\/noticias\/wp-content\/uploads\/2018\/06\/IMG-20180622-WA0028.jpg\"><img loading=\"lazy\" decoding=\"async\" src=\"https::\/\/elreporterohgo.com\/noticias\/wp-content\/uploads\/2018\/06\/IMG-20180622-WA0028-300x169.jpg\" alt=\"\" width=\"300\" height=\"169\" class=\"alignnone size-medium wp-image-18642\" srcset=\"https:\/\/elreporterohgo.com\/noticias\/wp-content\/uploads\/2018\/06\/IMG-20180622-WA0028-300x169.jpg 300w, https:\/\/elreporterohgo.com\/noticias\/wp-content\/uploads\/2018\/06\/IMG-20180622-WA0028-768x432.jpg 768w, https:\/\/elreporterohgo.com\/noticias\/wp-content\/uploads\/2018\/06\/IMG-20180622-WA0028-1024x576.jpg 1024w, https:\/\/elreporterohgo.com\/noticias\/wp-content\/uploads\/2018\/06\/IMG-20180622-WA0028.jpg 1280w\" sizes=\"(max-width: 300px) 100vw, 300px\" \/><\/a><br \/>\nTolcayuca, Hgo.- Conducir con velocidad inmoderada fue la causa de aparatoso accidente automovil\u00edstico que por fortuna no fue fatal, sin embargo, los da\u00f1os materiales son elevados.<br \/>\nSeguridad P\u00fablica municipal de Tolcayuca inform\u00f3 que, la ma\u00f1ana de ayer, se registr\u00f3 el accidente vial con volcadura de veh\u00edculo en la carrera M\u00e9xico-Pachuca, kil\u00f3metro 60, direcci\u00f3n a Ciudad de M\u00e9xico.<br \/>\nLos veh\u00edculos involucrados: &#8211; Chevrolet Aveo, color rosa con blanco, tipo taxi de la Ciudad de M\u00e9xico, conductor Luciano H.R., de 54 a\u00f1os, as\u00ed como una Ford Super Duty, color gris y caja blanca, placas de circulaci\u00f3n del Estado de M\u00e9xico, conductor Maximino E.M., de 43 a\u00f1os. Queda a cargo del accidente, Polic\u00eda Federal, unidad 12669.<\/p>\n","protected":false},"excerpt":{"rendered":"<p>Tolcayuca, Hgo.- Conducir con velocidad inmoderada fue la causa de aparatoso accidente automovil\u00edstico que por fortuna no fue fatal, sin embargo, los da\u00f1os materiales son elevados. Seguridad P\u00fablica municipal de Tolcayuca inform\u00f3 que, la ma\u00f1ana de ayer, se registr\u00f3 el accidente vial con volcadura de veh\u00edculo en la carrera M\u00e9xico-Pachuca, kil\u00f3metro 60, direcci\u00f3n a Ciudad<\/p>\n","protected":false},"author":2,"featured_media":18642,"comment_status":"open","ping_status":"closed","sticky":false,"template":"","format":"standard","meta":{"footnotes":""},"categories":[10],"tags":[],"class_list":{"0":"post-18638","1":"post","2":"type-post","3":"status-publish","4":"format-standard","5":"has-post-thumbnail","7":"category-hidalgo"},"_links":{"self":[{"href":"https:\/\/elreporterohgo.com\/noticias\/wp-json\/wp\/v2\/posts\/18638","targetHints":{"allow":["GET"]}}],"collection":[{"href":"https:\/\/elreporterohgo.com\/noticias\/wp-json\/wp\/v2\/posts"}],"about":[{"href":"https:\/\/elreporterohgo.com\/noticias\/wp-json\/wp\/v2\/types\/post"}],"author":[{"embeddable":true,"href":"https:\/\/elreporterohgo.com\/noticias\/wp-json\/wp\/v2\/users\/2"}],"replies":[{"embeddable":true,"href":"https:\/\/elreporterohgo.com\/noticias\/wp-json\/wp\/v2\/comments?post=18638"}],"version-history":[{"count":2,"href":"https:\/\/elreporterohgo.com\/noticias\/wp-json\/wp\/v2\/posts\/18638\/revisions"}],"predecessor-version":[{"id":18644,"href":"https:\/\/elreporterohgo.com\/noticias\/wp-json\/wp\/v2\/posts\/18638\/revisions\/18644"}],"wp:featuredmedia":[{"embeddable":true,"href":"https:\/\/elreporterohgo.com\/noticias\/wp-json\/wp\/v2\/media\/18642"}],"wp:attachment":[{"href":"https:\/\/elreporterohgo.com\/noticias\/wp-json\/wp\/v2\/media?parent=18638"}],"wp:term":[{"taxonomy":"category","embeddable":true,"href":"https:\/\/elreporterohgo.com\/noticias\/wp-json\/wp\/v2\/categories?post=18638"},{"taxonomy":"post_tag","embeddable":true,"href":"https:\/\/elreporterohgo.com\/noticias\/wp-json\/wp\/v2\/tags?post=18638"}],"curies":[{"name":"wp","href":"https:\/\/api.w.org\/{rel}","templated":true}]}}