{"id":18592,"date":"2018-06-21T23:05:17","date_gmt":"2018-06-22T04:05:17","guid":{"rendered":"https:\/\/elreporterohgo.com\/noticias\/?p=18592"},"modified":"2018-06-21T23:05:17","modified_gmt":"2018-06-22T04:05:17","slug":"evitemos-que-la-educacion-sea-secuestrada-por-intereses-politicos-y-mafias-meade","status":"publish","type":"post","link":"https:\/\/elreporterohgo.com\/noticias\/2018\/06\/21\/evitemos-que-la-educacion-sea-secuestrada-por-intereses-politicos-y-mafias-meade\/","title":{"rendered":"Evitemos que la educaci\u00f3n sea secuestrada por intereses pol\u00edticos y mafias: Meade"},"content":{"rendered":"<p><a href=\"https::\/\/elreporterohgo.com\/noticias\/wp-content\/uploads\/2018\/06\/DCG2860.jpg\"><img fetchpriority=\"high\" decoding=\"async\" src=\"https::\/\/elreporterohgo.com\/noticias\/wp-content\/uploads\/2018\/06\/DCG2860-300x180.jpg\" alt=\"\" width=\"300\" height=\"180\" class=\"alignnone size-medium wp-image-18593\" srcset=\"https:\/\/elreporterohgo.com\/noticias\/wp-content\/uploads\/2018\/06\/DCG2860-300x180.jpg 300w, https:\/\/elreporterohgo.com\/noticias\/wp-content\/uploads\/2018\/06\/DCG2860-768x460.jpg 768w, https:\/\/elreporterohgo.com\/noticias\/wp-content\/uploads\/2018\/06\/DCG2860-1024x613.jpg 1024w, https:\/\/elreporterohgo.com\/noticias\/wp-content\/uploads\/2018\/06\/DCG2860-600x360.jpg 600w\" sizes=\"(max-width: 300px) 100vw, 300px\" \/><\/a><br \/>\nPACHUCA, Hgo.- El candidato presidencial de la coalici\u00f3n Todos por M\u00e9xico, Jos\u00e9 Antonio Meade, advirti\u00f3 hoy en Pachuca, Hidalgo, que en esta elecci\u00f3n est\u00e1 en juego el futuro de nuestros hijos, por lo que pidi\u00f3 no caer en confusiones, porque lo m\u00e1s importante que podemos hacer para que M\u00e9xico sea potencia es apostarle a la educaci\u00f3n.<br \/>\n\u201cNo queremos que la educaci\u00f3n sea secuestrada por intereses pol\u00edticos, no queremos ver a la educaci\u00f3n superior controlada por mafias, no queremos ver a la educaci\u00f3n b\u00e1sica secuestrada por quienes no tienen en el coraz\u00f3n los intereses de nuestros hijos; vamos por una educaci\u00f3n de calidad\u201d, sostuvo el abanderado ante m\u00e1s de 15 mil militantes de Nueva Alianza.<br \/>\nEn su discurso, exhort\u00f3 a sus seguidores a que los d\u00edas que faltan de la campa\u00f1a pol\u00edtica inviten a los mexicanos a reflexionar, a hacer un ejercicio en donde todos tengan claro lo que est\u00e1 en juego, que no es otra cosa que el futuro del pa\u00eds, los esfuerzos de inclusi\u00f3n, la educaci\u00f3n y el circulo virtuoso de inversi\u00f3n y empleo.<br \/>\n\u201cY por eso hay que invitar a reflexionar, por eso hay que tocar cada puerta, hay que hablar con nuestros amigos, con nuestra familia, con t\u00edos, con primos, con compadres y explicarles cu\u00e1l es la mejor alternativa, y hacerlo de ciudadano a ciudadano\u201d, subray\u00f3.<br \/>\nEn un mitin que abarrot\u00f3 el Lienzo Charro de la capital hidalguense, Meade se comprometi\u00f3 con el magisterio nacional a otorgarles certeza laboral, al sostener que con \u00e9l tendr\u00e1n permanencia y seguridad en el empleo.<br \/>\n\u201cConmigo vamos a lograr que los maestros y las maestras mexicanas sean los mejores pagados de toda Latinoam\u00e9rica; ese esfuerzo significativo y real que se le pide a los maestros, va a ser correspondido con un esfuerzo significativo y real para pagarles mejor\u201d, mencion\u00f3.<br \/>\nA los maestros les dijo que crear\u00e1 un instituto de capacitaci\u00f3n para que los maestros mexicanos est\u00e9n siempre a la vanguardia y cuenten con los mejores instrumentos para impulsar la educaci\u00f3n de la ni\u00f1ez.<br \/>\nDijo que va por una agenda de estancias, guarder\u00edas y primarias de tiempo completo, con alimentaci\u00f3n y se asegurar\u00e1 que todos los j\u00f3venes terminen la preparatoria y tengan una alternativa de educaci\u00f3n superior.<br \/>\nEl candidato de la coalici\u00f3n Todos por M\u00e9xico hizo patente su compromiso con una educaci\u00f3n superior de excelencia. Subray\u00f3 que la coalici\u00f3n que lo postula ganar\u00e1 porque cuenta con los mejores perfiles, propuestas, estructura, activismo \u201cy el mayor compromiso para darle a nuestro pa\u00eds el mejor destino\u201d.<br \/>\nEl presidente de Nueva Alianza, Luis Castro Obreg\u00f3n, dijo que Jos\u00e9 Antonio Meade representa la posibilidad de que los mexicanos nos subamos a un tren de alta velocidad, de desarrollo sustentable, frente a opciones que implican ir en reversa, sin retrovisor y dar un salto atr\u00e1s tres o cuatro d\u00e9cadas.<br \/>\nSostuvo que los simpatizantes de Nueva Alianza est\u00e1n comprometidos con su candidato presidencial que representa los m\u00e1s altos intereses de la naci\u00f3n y saben que cumplir\u00e1.<\/p>\n","protected":false},"excerpt":{"rendered":"<p>PACHUCA, Hgo.- El candidato presidencial de la coalici\u00f3n Todos por M\u00e9xico, Jos\u00e9 Antonio Meade, advirti\u00f3 hoy en Pachuca, Hidalgo, que en esta elecci\u00f3n est\u00e1 en juego el futuro de nuestros hijos, por lo que pidi\u00f3 no caer en confusiones, porque lo m\u00e1s importante que podemos hacer para que M\u00e9xico sea potencia es apostarle a la<\/p>\n","protected":false},"author":2,"featured_media":18593,"comment_status":"open","ping_status":"closed","sticky":false,"template":"","format":"standard","meta":{"footnotes":""},"categories":[10],"tags":[],"class_list":{"0":"post-18592","1":"post","2":"type-post","3":"status-publish","4":"format-standard","5":"has-post-thumbnail","7":"category-hidalgo"},"_links":{"self":[{"href":"https:\/\/elreporterohgo.com\/noticias\/wp-json\/wp\/v2\/posts\/18592","targetHints":{"allow":["GET"]}}],"collection":[{"href":"https:\/\/elreporterohgo.com\/noticias\/wp-json\/wp\/v2\/posts"}],"about":[{"href":"https:\/\/elreporterohgo.com\/noticias\/wp-json\/wp\/v2\/types\/post"}],"author":[{"embeddable":true,"href":"https:\/\/elreporterohgo.com\/noticias\/wp-json\/wp\/v2\/users\/2"}],"replies":[{"embeddable":true,"href":"https:\/\/elreporterohgo.com\/noticias\/wp-json\/wp\/v2\/comments?post=18592"}],"version-history":[{"count":2,"href":"https:\/\/elreporterohgo.com\/noticias\/wp-json\/wp\/v2\/posts\/18592\/revisions"}],"predecessor-version":[{"id":18595,"href":"https:\/\/elreporterohgo.com\/noticias\/wp-json\/wp\/v2\/posts\/18592\/revisions\/18595"}],"wp:featuredmedia":[{"embeddable":true,"href":"https:\/\/elreporterohgo.com\/noticias\/wp-json\/wp\/v2\/media\/18593"}],"wp:attachment":[{"href":"https:\/\/elreporterohgo.com\/noticias\/wp-json\/wp\/v2\/media?parent=18592"}],"wp:term":[{"taxonomy":"category","embeddable":true,"href":"https:\/\/elreporterohgo.com\/noticias\/wp-json\/wp\/v2\/categories?post=18592"},{"taxonomy":"post_tag","embeddable":true,"href":"https:\/\/elreporterohgo.com\/noticias\/wp-json\/wp\/v2\/tags?post=18592"}],"curies":[{"name":"wp","href":"https:\/\/api.w.org\/{rel}","templated":true}]}}