{"id":16610,"date":"2018-03-26T00:45:20","date_gmt":"2018-03-26T06:45:20","guid":{"rendered":"https:\/\/elreporterohgo.com\/noticias\/?p=16610"},"modified":"2018-03-26T00:45:20","modified_gmt":"2018-03-26T06:45:20","slug":"promueven-cultura-del-cuidado-del-agua","status":"publish","type":"post","link":"https:\/\/elreporterohgo.com\/noticias\/2018\/03\/26\/promueven-cultura-del-cuidado-del-agua\/","title":{"rendered":"Promueven cultura del cuidado del agua"},"content":{"rendered":"<p><a href=\"https::\/\/elreporterohgo.com\/noticias\/wp-content\/uploads\/2018\/03\/Cultura-del-Agua-MR-12.jpg\"><img fetchpriority=\"high\" decoding=\"async\" src=\"https::\/\/elreporterohgo.com\/noticias\/wp-content\/uploads\/2018\/03\/Cultura-del-Agua-MR-12-300x232.jpg\" alt=\"\" width=\"300\" height=\"232\" class=\"alignnone size-medium wp-image-16611\" srcset=\"https:\/\/elreporterohgo.com\/noticias\/wp-content\/uploads\/2018\/03\/Cultura-del-Agua-MR-12-300x232.jpg 300w, https:\/\/elreporterohgo.com\/noticias\/wp-content\/uploads\/2018\/03\/Cultura-del-Agua-MR-12-768x593.jpg 768w, https:\/\/elreporterohgo.com\/noticias\/wp-content\/uploads\/2018\/03\/Cultura-del-Agua-MR-12-1024x791.jpg 1024w\" sizes=\"(max-width: 300px) 100vw, 300px\" \/><\/a><br \/>\nMineral de la Reforma; Hgo.-El gobierno municipal de Mineral de la Reforma que encabeza el alcalde Ra\u00fal Camacho Ba\u00f1os, promueve  acciones  en favor del cuidado, vigilancia del uso adecuado y responsable del agua, a trav\u00e9s del espacio de cultura del agua de la direcci\u00f3n de ecolog\u00eda; acci\u00f3n realizada en el marco del d\u00eda mundial del agua.<br \/>\nActividad realizada con alumnos de tercero a sexto grado de la escuela primaria \u201cMelchor Ocampo\u201d ubicada en la localidad de Azoyatla; involucrando a ni\u00f1as y ni\u00f1os en la conciencia respecto al uso racional del vital l\u00edquido y evitar su contaminaci\u00f3n, despertando el inter\u00e9s de los menores de cuidar el recurso h\u00eddrico y promover esta pr\u00e1ctica entre los adultos.<br \/>\nCon apoyo de una maqueta interactiva de una planta tratadora de aguas residuales y planta potabilizadora, obtenida por el apoyo de la Comisi\u00f3n Estatal de  Agua y Alcantarillado, se impartieron pl\u00e1ticas a un centenar de alumnos. Adem\u00e1s de recomendaci\u00f3n para  el ahorro del vital liquido<br \/>\nJos\u00e9 Guillermo del Villas Rold\u00e1n, director de ecolog\u00eda en Mineral de la Reforma, asegur\u00f3 que es instrucci\u00f3n del alcalde Ra\u00fal Camacho Ba\u00f1os continuar con la promoci\u00f3n de la cultura del cuidado del agua en el municipio al tiempo de asegurar que fomentar entre las generaciones m\u00e1s j\u00f3venes  h\u00e1bitos de uso eficiente, responsable y adecuado del agua, ayudar\u00e1 a prevenir la escasez del vital l\u00edquido a futuro.<br \/>\nLa Asamblea General de las Naciones Unidas declar\u00f3 el 22 de marzo de cada a\u00f1o, como D\u00eda Mundial del Agua, en conformidad con las recomendaciones de la Conferencia de las Naciones Unidas sobre el Medio Ambiente y el Desarrollo. Exhortando a consagrar este d\u00eda, a la promoci\u00f3n de actividades concretas como el fomento de la conciencia p\u00fablica a trav\u00e9s de la producci\u00f3n y difusi\u00f3n de documentales y la organizaci\u00f3n de conferencias, mesas redondas, seminarios y exposiciones relacionadas con la conservaci\u00f3n y desarrollo de los recursos h\u00eddricos<\/p>\n","protected":false},"excerpt":{"rendered":"<p>Mineral de la Reforma; Hgo.-El gobierno municipal de Mineral de la Reforma que encabeza el alcalde Ra\u00fal Camacho Ba\u00f1os, promueve acciones en favor del cuidado, vigilancia del uso adecuado y responsable del agua, a trav\u00e9s del espacio de cultura del agua de la direcci\u00f3n de ecolog\u00eda; acci\u00f3n realizada en el marco del d\u00eda mundial del<\/p>\n","protected":false},"author":2,"featured_media":16611,"comment_status":"open","ping_status":"closed","sticky":false,"template":"","format":"standard","meta":{"footnotes":""},"categories":[10],"tags":[],"class_list":{"0":"post-16610","1":"post","2":"type-post","3":"status-publish","4":"format-standard","5":"has-post-thumbnail","7":"category-hidalgo"},"_links":{"self":[{"href":"https:\/\/elreporterohgo.com\/noticias\/wp-json\/wp\/v2\/posts\/16610","targetHints":{"allow":["GET"]}}],"collection":[{"href":"https:\/\/elreporterohgo.com\/noticias\/wp-json\/wp\/v2\/posts"}],"about":[{"href":"https:\/\/elreporterohgo.com\/noticias\/wp-json\/wp\/v2\/types\/post"}],"author":[{"embeddable":true,"href":"https:\/\/elreporterohgo.com\/noticias\/wp-json\/wp\/v2\/users\/2"}],"replies":[{"embeddable":true,"href":"https:\/\/elreporterohgo.com\/noticias\/wp-json\/wp\/v2\/comments?post=16610"}],"version-history":[{"count":2,"href":"https:\/\/elreporterohgo.com\/noticias\/wp-json\/wp\/v2\/posts\/16610\/revisions"}],"predecessor-version":[{"id":16613,"href":"https:\/\/elreporterohgo.com\/noticias\/wp-json\/wp\/v2\/posts\/16610\/revisions\/16613"}],"wp:featuredmedia":[{"embeddable":true,"href":"https:\/\/elreporterohgo.com\/noticias\/wp-json\/wp\/v2\/media\/16611"}],"wp:attachment":[{"href":"https:\/\/elreporterohgo.com\/noticias\/wp-json\/wp\/v2\/media?parent=16610"}],"wp:term":[{"taxonomy":"category","embeddable":true,"href":"https:\/\/elreporterohgo.com\/noticias\/wp-json\/wp\/v2\/categories?post=16610"},{"taxonomy":"post_tag","embeddable":true,"href":"https:\/\/elreporterohgo.com\/noticias\/wp-json\/wp\/v2\/tags?post=16610"}],"curies":[{"name":"wp","href":"https:\/\/api.w.org\/{rel}","templated":true}]}}