{"id":16605,"date":"2018-03-26T00:30:38","date_gmt":"2018-03-26T06:30:38","guid":{"rendered":"https:\/\/elreporterohgo.com\/noticias\/?p=16605"},"modified":"2018-03-26T00:30:38","modified_gmt":"2018-03-26T06:30:38","slug":"profesoras-competiran-por-diputacion-federal","status":"publish","type":"post","link":"https:\/\/elreporterohgo.com\/noticias\/2018\/03\/26\/profesoras-competiran-por-diputacion-federal\/","title":{"rendered":"Profesoras competir\u00e1n por Diputaci\u00f3n Federal"},"content":{"rendered":"<p><a href=\"https::\/\/elreporterohgo.com\/noticias\/wp-content\/uploads\/2018\/03\/IMG-20180324-WA0025.jpg\"><img fetchpriority=\"high\" decoding=\"async\" src=\"https::\/\/elreporterohgo.com\/noticias\/wp-content\/uploads\/2018\/03\/IMG-20180324-WA0025-300x225.jpg\" alt=\"\" width=\"300\" height=\"225\" class=\"alignnone size-medium wp-image-16606\" srcset=\"https:\/\/elreporterohgo.com\/noticias\/wp-content\/uploads\/2018\/03\/IMG-20180324-WA0025-300x225.jpg 300w, https:\/\/elreporterohgo.com\/noticias\/wp-content\/uploads\/2018\/03\/IMG-20180324-WA0025-768x576.jpg 768w, https:\/\/elreporterohgo.com\/noticias\/wp-content\/uploads\/2018\/03\/IMG-20180324-WA0025-1024x768.jpg 1024w, https:\/\/elreporterohgo.com\/noticias\/wp-content\/uploads\/2018\/03\/IMG-20180324-WA0025.jpg 1040w\" sizes=\"(max-width: 300px) 100vw, 300px\" \/><\/a><a href=\"https::\/\/elreporterohgo.com\/noticias\/wp-content\/uploads\/2018\/03\/IMG-20180324-WA0025-copia-2.jpg\"><img decoding=\"async\" src=\"https::\/\/elreporterohgo.com\/noticias\/wp-content\/uploads\/2018\/03\/IMG-20180324-WA0025-copia-2-300x239.jpg\" alt=\"\" width=\"300\" height=\"239\" class=\"alignnone size-medium wp-image-16607\" srcset=\"https:\/\/elreporterohgo.com\/noticias\/wp-content\/uploads\/2018\/03\/IMG-20180324-WA0025-copia-2-300x239.jpg 300w, https:\/\/elreporterohgo.com\/noticias\/wp-content\/uploads\/2018\/03\/IMG-20180324-WA0025-copia-2.jpg 669w\" sizes=\"(max-width: 300px) 100vw, 300px\" \/><\/a><br \/>\nSer\u00e1n las abanderadas de MORENA<br \/>\nPor su limpia trayectoria e importante trabajo social las profesoras Janeth T\u00e9llez Infante y la maestra Florita integran la f\u00f3rmula que competir\u00e1 por la diputaci\u00f3n federal en el S\u00e9ptimo Distrito con cabecera en Tepeapulco, son las abanderadas del Movimiento Regeneraci\u00f3n Nacional (MORENA).<\/p>\n","protected":false},"excerpt":{"rendered":"<p>Ser\u00e1n las abanderadas de MORENA Por su limpia trayectoria e importante trabajo social las profesoras Janeth T\u00e9llez Infante y la maestra Florita integran la f\u00f3rmula que competir\u00e1 por la diputaci\u00f3n federal en el S\u00e9ptimo Distrito con cabecera en Tepeapulco, son las abanderadas del Movimiento Regeneraci\u00f3n Nacional (MORENA).<\/p>\n","protected":false},"author":2,"featured_media":16607,"comment_status":"open","ping_status":"closed","sticky":false,"template":"","format":"standard","meta":{"footnotes":""},"categories":[10],"tags":[],"class_list":{"0":"post-16605","1":"post","2":"type-post","3":"status-publish","4":"format-standard","5":"has-post-thumbnail","7":"category-hidalgo"},"_links":{"self":[{"href":"https:\/\/elreporterohgo.com\/noticias\/wp-json\/wp\/v2\/posts\/16605","targetHints":{"allow":["GET"]}}],"collection":[{"href":"https:\/\/elreporterohgo.com\/noticias\/wp-json\/wp\/v2\/posts"}],"about":[{"href":"https:\/\/elreporterohgo.com\/noticias\/wp-json\/wp\/v2\/types\/post"}],"author":[{"embeddable":true,"href":"https:\/\/elreporterohgo.com\/noticias\/wp-json\/wp\/v2\/users\/2"}],"replies":[{"embeddable":true,"href":"https:\/\/elreporterohgo.com\/noticias\/wp-json\/wp\/v2\/comments?post=16605"}],"version-history":[{"count":2,"href":"https:\/\/elreporterohgo.com\/noticias\/wp-json\/wp\/v2\/posts\/16605\/revisions"}],"predecessor-version":[{"id":16609,"href":"https:\/\/elreporterohgo.com\/noticias\/wp-json\/wp\/v2\/posts\/16605\/revisions\/16609"}],"wp:featuredmedia":[{"embeddable":true,"href":"https:\/\/elreporterohgo.com\/noticias\/wp-json\/wp\/v2\/media\/16607"}],"wp:attachment":[{"href":"https:\/\/elreporterohgo.com\/noticias\/wp-json\/wp\/v2\/media?parent=16605"}],"wp:term":[{"taxonomy":"category","embeddable":true,"href":"https:\/\/elreporterohgo.com\/noticias\/wp-json\/wp\/v2\/categories?post=16605"},{"taxonomy":"post_tag","embeddable":true,"href":"https:\/\/elreporterohgo.com\/noticias\/wp-json\/wp\/v2\/tags?post=16605"}],"curies":[{"name":"wp","href":"https:\/\/api.w.org\/{rel}","templated":true}]}}