{"id":16495,"date":"2018-03-22T22:16:54","date_gmt":"2018-03-23T04:16:54","guid":{"rendered":"https:\/\/elreporterohgo.com\/noticias\/?p=16495"},"modified":"2018-03-22T22:16:54","modified_gmt":"2018-03-23T04:16:54","slug":"feria-nacional-regional-de-empleo-en-tepeapulco","status":"publish","type":"post","link":"https:\/\/elreporterohgo.com\/noticias\/2018\/03\/22\/feria-nacional-regional-de-empleo-en-tepeapulco\/","title":{"rendered":"Feria Nacional Regional de Empleo en Tepeapulco"},"content":{"rendered":"<p><a href=\"https::\/\/elreporterohgo.com\/noticias\/wp-content\/uploads\/2018\/03\/unnamed-36-1.jpg\"><img fetchpriority=\"high\" decoding=\"async\" src=\"https::\/\/elreporterohgo.com\/noticias\/wp-content\/uploads\/2018\/03\/unnamed-36-1-300x200.jpg\" alt=\"\" width=\"300\" height=\"200\" class=\"alignnone size-medium wp-image-16496\" srcset=\"https:\/\/elreporterohgo.com\/noticias\/wp-content\/uploads\/2018\/03\/unnamed-36-1-300x200.jpg 300w, https:\/\/elreporterohgo.com\/noticias\/wp-content\/uploads\/2018\/03\/unnamed-36-1-768x512.jpg 768w, https:\/\/elreporterohgo.com\/noticias\/wp-content\/uploads\/2018\/03\/unnamed-36-1-1024x683.jpg 1024w, https:\/\/elreporterohgo.com\/noticias\/wp-content\/uploads\/2018\/03\/unnamed-36-1.jpg 1920w\" sizes=\"(max-width: 300px) 100vw, 300px\" \/><\/a><a href=\"https::\/\/elreporterohgo.com\/noticias\/wp-content\/uploads\/2018\/03\/unnamed-37-1.jpg\"><img decoding=\"async\" src=\"https::\/\/elreporterohgo.com\/noticias\/wp-content\/uploads\/2018\/03\/unnamed-37-1-300x200.jpg\" alt=\"\" width=\"300\" height=\"200\" class=\"alignnone size-medium wp-image-16497\" srcset=\"https:\/\/elreporterohgo.com\/noticias\/wp-content\/uploads\/2018\/03\/unnamed-37-1-300x200.jpg 300w, https:\/\/elreporterohgo.com\/noticias\/wp-content\/uploads\/2018\/03\/unnamed-37-1-768x512.jpg 768w, https:\/\/elreporterohgo.com\/noticias\/wp-content\/uploads\/2018\/03\/unnamed-37-1-1024x683.jpg 1024w, https:\/\/elreporterohgo.com\/noticias\/wp-content\/uploads\/2018\/03\/unnamed-37-1.jpg 1920w\" sizes=\"(max-width: 300px) 100vw, 300px\" \/><\/a><a href=\"https::\/\/elreporterohgo.com\/noticias\/wp-content\/uploads\/2018\/03\/unnamed-38-1.jpg\"><img decoding=\"async\" src=\"https::\/\/elreporterohgo.com\/noticias\/wp-content\/uploads\/2018\/03\/unnamed-38-1-300x200.jpg\" alt=\"\" width=\"300\" height=\"200\" class=\"alignnone size-medium wp-image-16498\" srcset=\"https:\/\/elreporterohgo.com\/noticias\/wp-content\/uploads\/2018\/03\/unnamed-38-1-300x200.jpg 300w, https:\/\/elreporterohgo.com\/noticias\/wp-content\/uploads\/2018\/03\/unnamed-38-1-768x512.jpg 768w, https:\/\/elreporterohgo.com\/noticias\/wp-content\/uploads\/2018\/03\/unnamed-38-1-1024x683.jpg 1024w, https:\/\/elreporterohgo.com\/noticias\/wp-content\/uploads\/2018\/03\/unnamed-38-1.jpg 1920w\" sizes=\"(max-width: 300px) 100vw, 300px\" \/><\/a><a href=\"https::\/\/elreporterohgo.com\/noticias\/wp-content\/uploads\/2018\/03\/unnamed-39.jpg\"><img loading=\"lazy\" decoding=\"async\" src=\"https::\/\/elreporterohgo.com\/noticias\/wp-content\/uploads\/2018\/03\/unnamed-39-300x200.jpg\" alt=\"\" width=\"300\" height=\"200\" class=\"alignnone size-medium wp-image-16499\" srcset=\"https:\/\/elreporterohgo.com\/noticias\/wp-content\/uploads\/2018\/03\/unnamed-39-300x200.jpg 300w, https:\/\/elreporterohgo.com\/noticias\/wp-content\/uploads\/2018\/03\/unnamed-39-768x512.jpg 768w, https:\/\/elreporterohgo.com\/noticias\/wp-content\/uploads\/2018\/03\/unnamed-39-1024x683.jpg 1024w, https:\/\/elreporterohgo.com\/noticias\/wp-content\/uploads\/2018\/03\/unnamed-39.jpg 1920w\" sizes=\"(max-width: 300px) 100vw, 300px\" \/><\/a><\/p>\n<p>El gobierno del estado, a trav\u00e9s de la Secretar\u00eda del Trabajo y Previsi\u00f3n Social de Hidalgo, en coordinaci\u00f3n con Grupo Modelo, llevar\u00e1 a cabo la Feria de Empleo Grupo Modelo en las instalaciones de la Feria de Pachuca, el pr\u00f3ximo viernes 23 de marzo de 9:00 a 18:00 horas inform\u00f3 la titular de la dependencia, Mar\u00eda de los \u00c1ngeles Eguiluz Tapia.<br \/>\nSe\u00f1al\u00f3 que el trabajo conjunto con Grupo Modelo iniciar\u00e1 desde el jueves 22 de marzo en la 6ta Feria Nacional Regional de Empleo en el municipio de Tepeapulco, evento en el cual la empresa cervecera contar\u00e1 con espacio de recepci\u00f3n de documentaci\u00f3n.<br \/>\nEn este primer ejercicio de vinculaci\u00f3n laboral en el municipio de Tepeapulco de 8:30 a 15:00 horas en la explanada del estadio de beisbol, participar\u00e1n m\u00e1s de 60 empresas, las cuales ofertar\u00e1n m\u00e1s de mil vacantes, coment\u00f3.<br \/>\nLa encargada de la pol\u00edtica laboral en la entidad explic\u00f3 que, en la Feria de Empleo Grupo Modelo, se llevar\u00e1 a cabo el registro de perfiles t\u00e9cnicos y profesionales requeridos por la trasnacional, para la operaci\u00f3n de la planta que se instalar\u00e1 en el municipio de Apan.<br \/>\nSubray\u00f3 que, en esta etapa de vinculaci\u00f3n laboral, Grupo Modelo requiere perfiles que van desde t\u00e9cnico laboratorista, laboratorista cl\u00ednico, laboratorista qu\u00edmico, t\u00e9cnico en mecatr\u00f3nica y, electromec\u00e1nico.<br \/>\nAdem\u00e1s de profesionistas en ingenier\u00eda en calidad, laboratorio bioqu\u00edmico, qu\u00edmica en alimentos, biotecnolog\u00eda, industrias alimentarias, ingenier\u00eda en alimentos o afines, mantenimiento electr\u00f3nico, el\u00e9ctrico, mec\u00e1nico, mecatr\u00f3nica, electromec\u00e1nico, control y automatizaci\u00f3n.<br \/>\nEn este acercamiento de buscadores de empleo con Grupo Modelo se ofertar\u00e1n mil 200 vacantes, con salarios que van desde los 7 mil 500 hasta los 16 mil pesos en una primera etapa, adem\u00e1s de prestaciones superiores a las establecidas en la ley puntualiz\u00f3 Eguiluz Tapia.<br \/>\nLa secretaria del trabajo en la entidad se\u00f1al\u00f3 que las ferias del empleo son una estrategia que tienen por objetivo acercar opciones de trabajo formal a las y los buscadores de empleo de distintas regiones del estado y en este caso, a la poblaci\u00f3n del altiplano y Pachuca.<br \/>\nEguiluz Tapia agreg\u00f3 que, durante los eventos, los interesados podr\u00e1n acudir con solicitud elaborada y curr\u00edculum vitae o en el caso de la 6ta Feria Nacional Regional de Empleo en el municipio de Tepeapulco, pueden registrarse previamente en la p\u00e1gina ferias.empleo.gob.mx.<br \/>\nLa titular de la STPSH puntualiz\u00f3 que una de las prioridades del Gobernador Omar Fayad es procurar que en la entidad se generen m\u00e1s oportunidades de empleos y que estos, lleguen a la gente que m\u00e1s los necesita.<\/p>\n","protected":false},"excerpt":{"rendered":"<p>El gobierno del estado, a trav\u00e9s de la Secretar\u00eda del Trabajo y Previsi\u00f3n Social de Hidalgo, en coordinaci\u00f3n con Grupo Modelo, llevar\u00e1 a cabo la Feria de Empleo Grupo Modelo en las instalaciones de la Feria de Pachuca, el pr\u00f3ximo viernes 23 de marzo de 9:00 a 18:00 horas inform\u00f3 la titular de la dependencia,<\/p>\n","protected":false},"author":2,"featured_media":16496,"comment_status":"open","ping_status":"closed","sticky":false,"template":"","format":"standard","meta":{"footnotes":""},"categories":[10],"tags":[],"class_list":{"0":"post-16495","1":"post","2":"type-post","3":"status-publish","4":"format-standard","5":"has-post-thumbnail","7":"category-hidalgo"},"_links":{"self":[{"href":"https:\/\/elreporterohgo.com\/noticias\/wp-json\/wp\/v2\/posts\/16495","targetHints":{"allow":["GET"]}}],"collection":[{"href":"https:\/\/elreporterohgo.com\/noticias\/wp-json\/wp\/v2\/posts"}],"about":[{"href":"https:\/\/elreporterohgo.com\/noticias\/wp-json\/wp\/v2\/types\/post"}],"author":[{"embeddable":true,"href":"https:\/\/elreporterohgo.com\/noticias\/wp-json\/wp\/v2\/users\/2"}],"replies":[{"embeddable":true,"href":"https:\/\/elreporterohgo.com\/noticias\/wp-json\/wp\/v2\/comments?post=16495"}],"version-history":[{"count":1,"href":"https:\/\/elreporterohgo.com\/noticias\/wp-json\/wp\/v2\/posts\/16495\/revisions"}],"predecessor-version":[{"id":16500,"href":"https:\/\/elreporterohgo.com\/noticias\/wp-json\/wp\/v2\/posts\/16495\/revisions\/16500"}],"wp:featuredmedia":[{"embeddable":true,"href":"https:\/\/elreporterohgo.com\/noticias\/wp-json\/wp\/v2\/media\/16496"}],"wp:attachment":[{"href":"https:\/\/elreporterohgo.com\/noticias\/wp-json\/wp\/v2\/media?parent=16495"}],"wp:term":[{"taxonomy":"category","embeddable":true,"href":"https:\/\/elreporterohgo.com\/noticias\/wp-json\/wp\/v2\/categories?post=16495"},{"taxonomy":"post_tag","embeddable":true,"href":"https:\/\/elreporterohgo.com\/noticias\/wp-json\/wp\/v2\/tags?post=16495"}],"curies":[{"name":"wp","href":"https:\/\/api.w.org\/{rel}","templated":true}]}}