{"id":16388,"date":"2018-03-18T14:41:58","date_gmt":"2018-03-18T20:41:58","guid":{"rendered":"https:\/\/elreporterohgo.com\/noticias\/?p=16388"},"modified":"2018-03-18T14:41:58","modified_gmt":"2018-03-18T20:41:58","slug":"gratos-recuerdos","status":"publish","type":"post","link":"https:\/\/elreporterohgo.com\/noticias\/2018\/03\/18\/gratos-recuerdos\/","title":{"rendered":"Gratos recuerdos"},"content":{"rendered":"<p><a href=\"https::\/\/elreporterohgo.com\/noticias\/wp-content\/uploads\/2018\/03\/IMG-20180318-WA0007.jpg\"><img fetchpriority=\"high\" decoding=\"async\" src=\"https::\/\/elreporterohgo.com\/noticias\/wp-content\/uploads\/2018\/03\/IMG-20180318-WA0007-300x207.jpg\" alt=\"\" width=\"300\" height=\"207\" class=\"alignnone size-medium wp-image-16389\" srcset=\"https:\/\/elreporterohgo.com\/noticias\/wp-content\/uploads\/2018\/03\/IMG-20180318-WA0007-300x207.jpg 300w, https:\/\/elreporterohgo.com\/noticias\/wp-content\/uploads\/2018\/03\/IMG-20180318-WA0007.jpg 733w\" sizes=\"(max-width: 300px) 100vw, 300px\" \/><\/a><br \/>\nHace algunos minutos me hicieron llegar esta fotograf\u00eda captada hace por lo menos veinte a\u00f1os, en alg\u00fan bar de Pachuca, degust\u00e1bamos un buen brandy Torres X, en ese entonces todos trabaj\u00e1bamos para el diario EL SOL DE HIDALGO que dirig\u00eda perfectamente Don Fausto Mar\u00edn Tamayo (q.e.p.d) y pod\u00edamos presumir que el tiraje diario era de 35 mil ejemplares, si mis fuentes no me fallan ahora se redijo a escasamente el 15 por ciento esa producci\u00f3n y tambi\u00e9n la plantilla de trabajadores. Bueno pero si mi memoria no me falla voy a dar sus nombres, aparecen de pie y de izquierda a derecha Daniel P\u00e9rez Rodr\u00edguez (q.e.p.d), era jefe de la rotativa; Eduardo de la Vega, fot\u00f3grafo de deportes; Filem\u00f3n Bautista, siempre fiel cuidador del almac\u00e9n; Roberto Ram\u00edrez, a cargo de la nota roja; Jos\u00e9 Luis Rico, encargado de la fuente pol\u00edtica; Francisco Hern\u00e1ndez, Ayudante de la subdirecci\u00f3n; Julio Hern\u00e1ndez, entonces encargado de la secci\u00f3n de El Valle de El Mezquital, sentados y tambi\u00e9n de izquierda a derecha Adolfo por sus amigos llamado \u201cTlacuachito\u201d y encargado del control de ediciones atrasadas; Jos\u00e9 Montiel, ch\u00f3fer que diario hacia los viajes a Tulancingo; Rubicel Perales Salvador, fiel guardi\u00e1n del diario acontecer en Sierra y Huasteca de Hidalgo; Carlos Sevilla Sol\u00f3rzano, gran periodista, excelente jefe, mejor amigo y en ese entonces subdirector de el peri\u00f3dico El Sol de Hidalgo, y, finalmente, su servidor y amigo Juan Sabino Cruz que en ese entonces era el encargado de la secci\u00f3n de El Sol de Sahag\u00fan y Apan, zona que cubr\u00ed durante 28 a\u00f1os y agradezco las muchas amistades que logre cosechar en toda la zona del Altiplano. Ahora orgullosamente dirijo EL REPORTERO donde hacemos periodismo libre, sin censura. <\/p>\n","protected":false},"excerpt":{"rendered":"<p>Hace algunos minutos me hicieron llegar esta fotograf\u00eda captada hace por lo menos veinte a\u00f1os, en alg\u00fan bar de Pachuca, degust\u00e1bamos un buen brandy Torres X, en ese entonces todos trabaj\u00e1bamos para el diario EL SOL DE HIDALGO que dirig\u00eda perfectamente Don Fausto Mar\u00edn Tamayo (q.e.p.d) y pod\u00edamos presumir que el tiraje diario era de<\/p>\n","protected":false},"author":2,"featured_media":16389,"comment_status":"open","ping_status":"closed","sticky":false,"template":"","format":"standard","meta":{"footnotes":""},"categories":[10],"tags":[],"class_list":{"0":"post-16388","1":"post","2":"type-post","3":"status-publish","4":"format-standard","5":"has-post-thumbnail","7":"category-hidalgo"},"_links":{"self":[{"href":"https:\/\/elreporterohgo.com\/noticias\/wp-json\/wp\/v2\/posts\/16388","targetHints":{"allow":["GET"]}}],"collection":[{"href":"https:\/\/elreporterohgo.com\/noticias\/wp-json\/wp\/v2\/posts"}],"about":[{"href":"https:\/\/elreporterohgo.com\/noticias\/wp-json\/wp\/v2\/types\/post"}],"author":[{"embeddable":true,"href":"https:\/\/elreporterohgo.com\/noticias\/wp-json\/wp\/v2\/users\/2"}],"replies":[{"embeddable":true,"href":"https:\/\/elreporterohgo.com\/noticias\/wp-json\/wp\/v2\/comments?post=16388"}],"version-history":[{"count":2,"href":"https:\/\/elreporterohgo.com\/noticias\/wp-json\/wp\/v2\/posts\/16388\/revisions"}],"predecessor-version":[{"id":16391,"href":"https:\/\/elreporterohgo.com\/noticias\/wp-json\/wp\/v2\/posts\/16388\/revisions\/16391"}],"wp:featuredmedia":[{"embeddable":true,"href":"https:\/\/elreporterohgo.com\/noticias\/wp-json\/wp\/v2\/media\/16389"}],"wp:attachment":[{"href":"https:\/\/elreporterohgo.com\/noticias\/wp-json\/wp\/v2\/media?parent=16388"}],"wp:term":[{"taxonomy":"category","embeddable":true,"href":"https:\/\/elreporterohgo.com\/noticias\/wp-json\/wp\/v2\/categories?post=16388"},{"taxonomy":"post_tag","embeddable":true,"href":"https:\/\/elreporterohgo.com\/noticias\/wp-json\/wp\/v2\/tags?post=16388"}],"curies":[{"name":"wp","href":"https:\/\/api.w.org\/{rel}","templated":true}]}}