{"id":16277,"date":"2018-03-14T14:03:53","date_gmt":"2018-03-14T20:03:53","guid":{"rendered":"https:\/\/elreporterohgo.com\/noticias\/?p=16277"},"modified":"2018-03-14T14:03:53","modified_gmt":"2018-03-14T20:03:53","slug":"preso-por-robar-mas-de-ochenta-celulares","status":"publish","type":"post","link":"https:\/\/elreporterohgo.com\/noticias\/2018\/03\/14\/preso-por-robar-mas-de-ochenta-celulares\/","title":{"rendered":"Preso por robar m\u00e1s de ochenta celulares"},"content":{"rendered":"<p><a href=\"https::\/\/elreporterohgo.com\/noticias\/wp-content\/uploads\/2018\/03\/B.-J.-M.-A..jpeg\"><img fetchpriority=\"high\" decoding=\"async\" src=\"https::\/\/elreporterohgo.com\/noticias\/wp-content\/uploads\/2018\/03\/B.-J.-M.-A.-300x300.jpeg\" alt=\"\" width=\"300\" height=\"300\" class=\"alignnone size-medium wp-image-16278\" srcset=\"https:\/\/elreporterohgo.com\/noticias\/wp-content\/uploads\/2018\/03\/B.-J.-M.-A.-300x300.jpeg 300w, https:\/\/elreporterohgo.com\/noticias\/wp-content\/uploads\/2018\/03\/B.-J.-M.-A.-150x150.jpeg 150w, https:\/\/elreporterohgo.com\/noticias\/wp-content\/uploads\/2018\/03\/B.-J.-M.-A.-768x768.jpeg 768w, https:\/\/elreporterohgo.com\/noticias\/wp-content\/uploads\/2018\/03\/B.-J.-M.-A.-1024x1024.jpeg 1024w, https:\/\/elreporterohgo.com\/noticias\/wp-content\/uploads\/2018\/03\/B.-J.-M.-A.-160x160.jpeg 160w, https:\/\/elreporterohgo.com\/noticias\/wp-content\/uploads\/2018\/03\/B.-J.-M.-A..jpeg 1066w\" sizes=\"(max-width: 300px) 100vw, 300px\" \/><\/a><br \/>\n\u00bfQuer\u00eda independizarse y poner su negocio?<br \/>\nPACHUCA, Hgo.- Por su presunta relaci\u00f3n con el robo de tel\u00e9fonos celulares en un establecimiento comercial, la Procuradur\u00eda General de Justicia del Estado de Hidalgo (PGJEH), a trav\u00e9s de la Direcci\u00f3n de Investigaci\u00f3n y Litigaci\u00f3n regi\u00f3n oriente, obtuvo la vinculaci\u00f3n a proceso de un hombre.<br \/>\nLos hechos que son materia de la imputaci\u00f3n, ocurrieron en octubre pasado despu\u00e9s de que un hombre ingres\u00f3 a un local comercial habilitado como distribuidor de telefon\u00eda celular, ubicado en el boulevard Luis Donaldo Colosio,  de esta ciudad, de donde sustrajo aproximadamente 80 equipos celulares.<br \/>\nLo sucedido qued\u00f3 registrado dentro del sistema de circuito cerrado del negocio, con dicha evidencia, as\u00ed como con pruebas periciales efectuadas por personal de la PGJEH, se conoci\u00f3 f\u00edsicamente al presunto responsable, con estos elementos de prueba y las investigaciones realizadas por agentes de la Polic\u00eda Investigadora, lograron establecer que el ahora imputado ofertaba parte de los equipos extra\u00eddos del comercio, a trav\u00e9s de redes sociales.<br \/>\nCon base a las investigaciones dirigidas por el agente del Ministerio Publico en coordinaci\u00f3n con la Polic\u00eda Investigadora se tuvo la certeza, que la persona que hab\u00eda ingresado al local comercial y la que se encontraba comercializando los dispositivos celulares en la red social se trataba de la misma, motivo por el que fue solicitada al Juez de control, la orden de aprehensi\u00f3n en contra del presunto de iniciales B. J. M. A.<br \/>\nUna vez otorgado el mandamiento judicial, se dio cumplimiento al mismo por parte de los agentes de la PGJEH y con los elementos probatorios recabados por esta representaci\u00f3n social, se solicit\u00f3 la audiencia inicial en la que el Juez revis\u00f3 los dict\u00e1menes periciales y las pruebas presentadas por el Ministerio P\u00fablico, lo que origin\u00f3 que fuera otorgada la vinculaci\u00f3n a proceso, por el delito de robo calificado.<br \/>\nDe igual forma al imputado se le impuso la medida cautelar de prisi\u00f3n preventiva justificada por dos a\u00f1os y se fij\u00f3 un plazo de cierre de investigaci\u00f3n complementaria de cuatro meses.  <\/p>\n","protected":false},"excerpt":{"rendered":"<p>\u00bfQuer\u00eda independizarse y poner su negocio? PACHUCA, Hgo.- Por su presunta relaci\u00f3n con el robo de tel\u00e9fonos celulares en un establecimiento comercial, la Procuradur\u00eda General de Justicia del Estado de Hidalgo (PGJEH), a trav\u00e9s de la Direcci\u00f3n de Investigaci\u00f3n y Litigaci\u00f3n regi\u00f3n oriente, obtuvo la vinculaci\u00f3n a proceso de un hombre. Los hechos que son<\/p>\n","protected":false},"author":2,"featured_media":16278,"comment_status":"open","ping_status":"closed","sticky":false,"template":"","format":"standard","meta":{"footnotes":""},"categories":[10],"tags":[],"class_list":{"0":"post-16277","1":"post","2":"type-post","3":"status-publish","4":"format-standard","5":"has-post-thumbnail","7":"category-hidalgo"},"_links":{"self":[{"href":"https:\/\/elreporterohgo.com\/noticias\/wp-json\/wp\/v2\/posts\/16277","targetHints":{"allow":["GET"]}}],"collection":[{"href":"https:\/\/elreporterohgo.com\/noticias\/wp-json\/wp\/v2\/posts"}],"about":[{"href":"https:\/\/elreporterohgo.com\/noticias\/wp-json\/wp\/v2\/types\/post"}],"author":[{"embeddable":true,"href":"https:\/\/elreporterohgo.com\/noticias\/wp-json\/wp\/v2\/users\/2"}],"replies":[{"embeddable":true,"href":"https:\/\/elreporterohgo.com\/noticias\/wp-json\/wp\/v2\/comments?post=16277"}],"version-history":[{"count":2,"href":"https:\/\/elreporterohgo.com\/noticias\/wp-json\/wp\/v2\/posts\/16277\/revisions"}],"predecessor-version":[{"id":16280,"href":"https:\/\/elreporterohgo.com\/noticias\/wp-json\/wp\/v2\/posts\/16277\/revisions\/16280"}],"wp:featuredmedia":[{"embeddable":true,"href":"https:\/\/elreporterohgo.com\/noticias\/wp-json\/wp\/v2\/media\/16278"}],"wp:attachment":[{"href":"https:\/\/elreporterohgo.com\/noticias\/wp-json\/wp\/v2\/media?parent=16277"}],"wp:term":[{"taxonomy":"category","embeddable":true,"href":"https:\/\/elreporterohgo.com\/noticias\/wp-json\/wp\/v2\/categories?post=16277"},{"taxonomy":"post_tag","embeddable":true,"href":"https:\/\/elreporterohgo.com\/noticias\/wp-json\/wp\/v2\/tags?post=16277"}],"curies":[{"name":"wp","href":"https:\/\/api.w.org\/{rel}","templated":true}]}}