{"id":15373,"date":"2018-02-17T21:32:00","date_gmt":"2018-02-18T03:32:00","guid":{"rendered":"https:\/\/elreporterohgo.com\/noticias\/?p=15373"},"modified":"2018-02-17T21:33:36","modified_gmt":"2018-02-18T03:33:36","slug":"ponen-fin-al-problema-del-desabasto-de-agua","status":"publish","type":"post","link":"https:\/\/elreporterohgo.com\/noticias\/2018\/02\/17\/ponen-fin-al-problema-del-desabasto-de-agua\/","title":{"rendered":"Ponen fin al problema del desabasto de agua"},"content":{"rendered":"<p><a href=\"https::\/\/elreporterohgo.com\/noticias\/wp-content\/uploads\/2018\/02\/Imagen3-1-1.jpg\"><img fetchpriority=\"high\" decoding=\"async\" src=\"https::\/\/elreporterohgo.com\/noticias\/wp-content\/uploads\/2018\/02\/Imagen3-1-1-300x200.jpg\" alt=\"\" width=\"300\" height=\"200\" class=\"alignnone size-medium wp-image-15376\" srcset=\"https:\/\/elreporterohgo.com\/noticias\/wp-content\/uploads\/2018\/02\/Imagen3-1-1-300x200.jpg 300w, https:\/\/elreporterohgo.com\/noticias\/wp-content\/uploads\/2018\/02\/Imagen3-1-1-768x512.jpg 768w, https:\/\/elreporterohgo.com\/noticias\/wp-content\/uploads\/2018\/02\/Imagen3-1-1-1024x682.jpg 1024w, https:\/\/elreporterohgo.com\/noticias\/wp-content\/uploads\/2018\/02\/Imagen3-1-1.jpg 1688w\" sizes=\"(max-width: 300px) 100vw, 300px\" \/><\/a><a href=\"https::\/\/elreporterohgo.com\/noticias\/wp-content\/uploads\/2018\/02\/Imagen2-1-1.jpg\"><img decoding=\"async\" src=\"https::\/\/elreporterohgo.com\/noticias\/wp-content\/uploads\/2018\/02\/Imagen2-1-1-300x200.jpg\" alt=\"\" width=\"300\" height=\"200\" class=\"alignnone size-medium wp-image-15375\" srcset=\"https:\/\/elreporterohgo.com\/noticias\/wp-content\/uploads\/2018\/02\/Imagen2-1-1-300x200.jpg 300w, https:\/\/elreporterohgo.com\/noticias\/wp-content\/uploads\/2018\/02\/Imagen2-1-1-768x512.jpg 768w, https:\/\/elreporterohgo.com\/noticias\/wp-content\/uploads\/2018\/02\/Imagen2-1-1-1024x683.jpg 1024w, https:\/\/elreporterohgo.com\/noticias\/wp-content\/uploads\/2018\/02\/Imagen2-1-1.jpg 1687w\" sizes=\"(max-width: 300px) 100vw, 300px\" \/><\/a><a href=\"https::\/\/elreporterohgo.com\/noticias\/wp-content\/uploads\/2018\/02\/Imagen1-1-1.jpg\"><img decoding=\"async\" src=\"https::\/\/elreporterohgo.com\/noticias\/wp-content\/uploads\/2018\/02\/Imagen1-1-1-300x200.jpg\" alt=\"\" width=\"300\" height=\"200\" class=\"alignnone size-medium wp-image-15374\" srcset=\"https:\/\/elreporterohgo.com\/noticias\/wp-content\/uploads\/2018\/02\/Imagen1-1-1-300x200.jpg 300w, https:\/\/elreporterohgo.com\/noticias\/wp-content\/uploads\/2018\/02\/Imagen1-1-1-768x512.jpg 768w, https:\/\/elreporterohgo.com\/noticias\/wp-content\/uploads\/2018\/02\/Imagen1-1-1-1024x682.jpg 1024w, https:\/\/elreporterohgo.com\/noticias\/wp-content\/uploads\/2018\/02\/Imagen1-1-1.jpg 1688w\" sizes=\"(max-width: 300px) 100vw, 300px\" \/><\/a><\/p>\n<p>APAN, Hgo.- Mediante la realizaci\u00f3n de una serie de asambleas p\u00fablicas en el auditorio ejidal de la comunidad de La Laguna, a las cuales asistieron la Presidenta Municipal de Apan, la Profesora Mar\u00eda Antonieta de los \u00c1ngeles Anaya Ortega, el Diputado Local Manuel Ferm\u00edn Rivera Peralta y el Secretario General Municipal, Lic. Luis Antonio Torres Osorno; se decidi\u00f3 que la administraci\u00f3n del pozo de agua potable estuviese a cargo de la Comisi\u00f3n de Agua Potable y Alcantarillado del Municipio de Apan (CAAPAN).<br \/>\nEl Comit\u00e9 de Agua Local acudi\u00f3 a pedir el apoyo del Gobierno Municipal, debido a que se hab\u00eda suspendido el suministro del l\u00edquido a todos los habitantes desde hace m\u00e1s de tres meses, derivado de la falta de pago.<br \/>\nDespu\u00e9s de escuchar la problem\u00e1tica que sufr\u00edan por el desabasto de agua, se propusieron varias alternativas para la soluci\u00f3n de \u00e9sta, por lo que se someti\u00f3 a votaci\u00f3n, d\u00f3nde la mayor\u00eda concluy\u00f3 que la mejor opci\u00f3n ser\u00eda que CAAPAN controlara el pozo que proporciona el servicio a la comunidad; por lo que los funcionarios presentes se comprometieron a realizar el tr\u00e1mite administrativo lo antes posible, adem\u00e1s de reestablecer el abastecimiento del l\u00edquido inmediatamente.<br \/>\nPara finalizar, las autoridades apoyaron a los locatarios con un pr\u00e9stamo de recursos propios para el pago de luz del pozo y as\u00ed poder tener el servicio de agua, ya que una de las condiciones para la transferencia del dep\u00f3sito de agua es la liquidaci\u00f3n del adeudo existente.<\/p>\n<p>[gview file=\u00bbhttps::\/\/elreporterohgo.com\/noticias\/wp-content\/uploads\/2018\/01\/0-ANUN-SEDEM.compressed-1-1.pdf\u00bb]<\/p>\n","protected":false},"excerpt":{"rendered":"<p>APAN, Hgo.- Mediante la realizaci\u00f3n de una serie de asambleas p\u00fablicas en el auditorio ejidal de la comunidad de La Laguna, a las cuales asistieron la Presidenta Municipal de Apan, la Profesora Mar\u00eda Antonieta de los \u00c1ngeles Anaya Ortega, el Diputado Local Manuel Ferm\u00edn Rivera Peralta y el Secretario General Municipal, Lic. Luis Antonio Torres<\/p>\n","protected":false},"author":2,"featured_media":15376,"comment_status":"open","ping_status":"closed","sticky":false,"template":"","format":"standard","meta":{"footnotes":""},"categories":[10],"tags":[],"class_list":{"0":"post-15373","1":"post","2":"type-post","3":"status-publish","4":"format-standard","5":"has-post-thumbnail","7":"category-hidalgo"},"_links":{"self":[{"href":"https:\/\/elreporterohgo.com\/noticias\/wp-json\/wp\/v2\/posts\/15373","targetHints":{"allow":["GET"]}}],"collection":[{"href":"https:\/\/elreporterohgo.com\/noticias\/wp-json\/wp\/v2\/posts"}],"about":[{"href":"https:\/\/elreporterohgo.com\/noticias\/wp-json\/wp\/v2\/types\/post"}],"author":[{"embeddable":true,"href":"https:\/\/elreporterohgo.com\/noticias\/wp-json\/wp\/v2\/users\/2"}],"replies":[{"embeddable":true,"href":"https:\/\/elreporterohgo.com\/noticias\/wp-json\/wp\/v2\/comments?post=15373"}],"version-history":[{"count":4,"href":"https:\/\/elreporterohgo.com\/noticias\/wp-json\/wp\/v2\/posts\/15373\/revisions"}],"predecessor-version":[{"id":15378,"href":"https:\/\/elreporterohgo.com\/noticias\/wp-json\/wp\/v2\/posts\/15373\/revisions\/15378"}],"wp:featuredmedia":[{"embeddable":true,"href":"https:\/\/elreporterohgo.com\/noticias\/wp-json\/wp\/v2\/media\/15376"}],"wp:attachment":[{"href":"https:\/\/elreporterohgo.com\/noticias\/wp-json\/wp\/v2\/media?parent=15373"}],"wp:term":[{"taxonomy":"category","embeddable":true,"href":"https:\/\/elreporterohgo.com\/noticias\/wp-json\/wp\/v2\/categories?post=15373"},{"taxonomy":"post_tag","embeddable":true,"href":"https:\/\/elreporterohgo.com\/noticias\/wp-json\/wp\/v2\/tags?post=15373"}],"curies":[{"name":"wp","href":"https:\/\/api.w.org\/{rel}","templated":true}]}}