{"id":15288,"date":"2018-02-15T23:51:34","date_gmt":"2018-02-16T05:51:34","guid":{"rendered":"https:\/\/elreporterohgo.com\/noticias\/?p=15288"},"modified":"2018-02-16T08:31:07","modified_gmt":"2018-02-16T14:31:07","slug":"cabildo-revoco-una-concesion","status":"publish","type":"post","link":"https:\/\/elreporterohgo.com\/noticias\/2018\/02\/15\/cabildo-revoco-una-concesion\/","title":{"rendered":"Cabildo revoc\u00f3 una concesi\u00f3n"},"content":{"rendered":"<p><a href=\"https::\/\/elreporterohgo.com\/noticias\/wp-content\/uploads\/2018\/02\/vigesimotercera-sesion-extraordinaria-2.jpeg\"><img fetchpriority=\"high\" decoding=\"async\" src=\"https::\/\/elreporterohgo.com\/noticias\/wp-content\/uploads\/2018\/02\/vigesimotercera-sesion-extraordinaria-2-300x169.jpeg\" alt=\"\" width=\"300\" height=\"169\" class=\"alignnone size-medium wp-image-15289\" srcset=\"https:\/\/elreporterohgo.com\/noticias\/wp-content\/uploads\/2018\/02\/vigesimotercera-sesion-extraordinaria-2-300x169.jpeg 300w, https:\/\/elreporterohgo.com\/noticias\/wp-content\/uploads\/2018\/02\/vigesimotercera-sesion-extraordinaria-2-768x431.jpeg 768w, https:\/\/elreporterohgo.com\/noticias\/wp-content\/uploads\/2018\/02\/vigesimotercera-sesion-extraordinaria-2-1024x575.jpeg 1024w, https:\/\/elreporterohgo.com\/noticias\/wp-content\/uploads\/2018\/02\/vigesimotercera-sesion-extraordinaria-2.jpeg 1280w\" sizes=\"(max-width: 300px) 100vw, 300px\" \/><\/a><a href=\"https::\/\/elreporterohgo.com\/noticias\/wp-content\/uploads\/2018\/02\/vigesimotercera-sesion-extraordinaria-3.jpeg\"><img decoding=\"async\" src=\"https::\/\/elreporterohgo.com\/noticias\/wp-content\/uploads\/2018\/02\/vigesimotercera-sesion-extraordinaria-3-300x169.jpeg\" alt=\"\" width=\"300\" height=\"169\" class=\"alignnone size-medium wp-image-15290\" srcset=\"https:\/\/elreporterohgo.com\/noticias\/wp-content\/uploads\/2018\/02\/vigesimotercera-sesion-extraordinaria-3-300x169.jpeg 300w, https:\/\/elreporterohgo.com\/noticias\/wp-content\/uploads\/2018\/02\/vigesimotercera-sesion-extraordinaria-3-768x431.jpeg 768w, https:\/\/elreporterohgo.com\/noticias\/wp-content\/uploads\/2018\/02\/vigesimotercera-sesion-extraordinaria-3-1024x575.jpeg 1024w, https:\/\/elreporterohgo.com\/noticias\/wp-content\/uploads\/2018\/02\/vigesimotercera-sesion-extraordinaria-3.jpeg 1280w\" sizes=\"(max-width: 300px) 100vw, 300px\" \/><\/a><br \/>\nMineral de la Reforma; Hgo.- En el marco de la vigesimotercera sesi\u00f3n extraordinaria de cabildo, el alcalde Ra\u00fal Camacho Ba\u00f1os,  puso a consideraci\u00f3n del cabildo la revocaci\u00f3n de los acuerdos de la Cuadrag\u00e9sima Sesi\u00f3n Extraordinaria del Ayuntamiento 2012-2016 del catorce de marzo de 2016, realiz\u00e1ndose las acciones legales y administrativas necesarias. Que autoriz\u00f3 la celebraci\u00f3n de un t\u00edtulo de concesi\u00f3n, adjudic\u00e1ndose directamente a la empresa de Valorizaci\u00f3n de Residuos S\u00f3lidos Urbanos de M\u00e9xico, S. A. P. I. de C. V. (VALORSUM).<br \/>\nToda vez que no se ha construido la planta de generaci\u00f3n de energ\u00eda el\u00e9ctrica a partir de incineraci\u00f3n de residuos s\u00f3lidos urbanos en Tepojaco, Tizayuca; las pacas o balas o fardos, generados en la Estaci\u00f3n Metropolitana de Compactaci\u00f3n, operada por VALORSUM, son depositados en el sitio saneado y los residuos que no alcanzan a procesarse son depositados en el tiradero a cielo abierto.<br \/>\nPor lo que en sus facultades del presidente municipal constitucional y ante este hecho urgente, se solicit\u00f3 al pleno que se diera respuesta inmediata y de autorizar el convenio de revocaci\u00f3n con la empresa VALORSUM, para la disposici\u00f3n final de los residuos s\u00f3lidos urbanos del municipio, y evitar sanciones por las instancias correspondientes ante generar contaminaci\u00f3n por el tiradero a cielo abierto y por el almacenamiento de los \u201cfardos\u201d en un lugar inadecuado, ya que est\u00e1 afectando a la poblaci\u00f3n aleda\u00f1a, incrementando grandemente la posibilidad de contraer enfermedades en ni\u00f1os y adultos.<br \/>\nPor lo que el ayuntamiento autoriz\u00f3 al Presidente Municipal Ra\u00fal Camacho Ba\u00f1os, a realizar los acuerdos de coordinaci\u00f3n necesarios con las instancias de gobierno correspondientes, para la m\u00e1s eficaz prestaci\u00f3n de los servicios p\u00fablicos, autorizando la transportaci\u00f3n y disposici\u00f3n final de los residuos s\u00f3lidos urbanos de Mineral de la Reforma y revocar los dem\u00e1s acuerdos del Ayuntamiento que se contrapongan con el presente dictamen y se incluyan las partidas presupuestales del costo de esta operaci\u00f3n se generen.<\/p>\n<p><a href=\"https::\/\/elreporterohgo.com\/noticias\/wp-content\/uploads\/2018\/02\/LOGOTIPO-SEDEM-1-copia.jpg\"><img decoding=\"async\" src=\"https::\/\/elreporterohgo.com\/noticias\/wp-content\/uploads\/2018\/02\/LOGOTIPO-SEDEM-1-copia-300x134.jpg\" alt=\"\" width=\"300\" height=\"134\" class=\"alignnone size-medium wp-image-14755\" srcset=\"https:\/\/elreporterohgo.com\/noticias\/wp-content\/uploads\/2018\/02\/LOGOTIPO-SEDEM-1-copia-300x134.jpg 300w, https:\/\/elreporterohgo.com\/noticias\/wp-content\/uploads\/2018\/02\/LOGOTIPO-SEDEM-1-copia.jpg 565w\" sizes=\"(max-width: 300px) 100vw, 300px\" \/><\/a><\/p>\n<p>[gview file=\u00bbhttps::\/\/elreporterohgo.com\/noticias\/wp-content\/uploads\/2018\/01\/0-ANUN-SEDEM.compressed-1-1.pdf\u00bb]<\/p>\n","protected":false},"excerpt":{"rendered":"<p>Mineral de la Reforma; Hgo.- En el marco de la vigesimotercera sesi\u00f3n extraordinaria de cabildo, el alcalde Ra\u00fal Camacho Ba\u00f1os, puso a consideraci\u00f3n del cabildo la revocaci\u00f3n de los acuerdos de la Cuadrag\u00e9sima Sesi\u00f3n Extraordinaria del Ayuntamiento 2012-2016 del catorce de marzo de 2016, realiz\u00e1ndose las acciones legales y administrativas necesarias. Que autoriz\u00f3 la celebraci\u00f3n<\/p>\n","protected":false},"author":2,"featured_media":15290,"comment_status":"open","ping_status":"closed","sticky":false,"template":"","format":"standard","meta":{"footnotes":""},"categories":[10],"tags":[],"class_list":{"0":"post-15288","1":"post","2":"type-post","3":"status-publish","4":"format-standard","5":"has-post-thumbnail","7":"category-hidalgo"},"_links":{"self":[{"href":"https:\/\/elreporterohgo.com\/noticias\/wp-json\/wp\/v2\/posts\/15288","targetHints":{"allow":["GET"]}}],"collection":[{"href":"https:\/\/elreporterohgo.com\/noticias\/wp-json\/wp\/v2\/posts"}],"about":[{"href":"https:\/\/elreporterohgo.com\/noticias\/wp-json\/wp\/v2\/types\/post"}],"author":[{"embeddable":true,"href":"https:\/\/elreporterohgo.com\/noticias\/wp-json\/wp\/v2\/users\/2"}],"replies":[{"embeddable":true,"href":"https:\/\/elreporterohgo.com\/noticias\/wp-json\/wp\/v2\/comments?post=15288"}],"version-history":[{"count":2,"href":"https:\/\/elreporterohgo.com\/noticias\/wp-json\/wp\/v2\/posts\/15288\/revisions"}],"predecessor-version":[{"id":15316,"href":"https:\/\/elreporterohgo.com\/noticias\/wp-json\/wp\/v2\/posts\/15288\/revisions\/15316"}],"wp:featuredmedia":[{"embeddable":true,"href":"https:\/\/elreporterohgo.com\/noticias\/wp-json\/wp\/v2\/media\/15290"}],"wp:attachment":[{"href":"https:\/\/elreporterohgo.com\/noticias\/wp-json\/wp\/v2\/media?parent=15288"}],"wp:term":[{"taxonomy":"category","embeddable":true,"href":"https:\/\/elreporterohgo.com\/noticias\/wp-json\/wp\/v2\/categories?post=15288"},{"taxonomy":"post_tag","embeddable":true,"href":"https:\/\/elreporterohgo.com\/noticias\/wp-json\/wp\/v2\/tags?post=15288"}],"curies":[{"name":"wp","href":"https:\/\/api.w.org\/{rel}","templated":true}]}}